{"id":29131,"date":"2025-01-20T14:51:37","date_gmt":"2025-01-20T14:51:37","guid":{"rendered":"https:\/\/ikostudio.it\/vidrieras-sagradas-para-los-monjes-benedictinos-de-nursia\/"},"modified":"2025-01-20T15:06:43","modified_gmt":"2025-01-20T15:06:43","slug":"vidrieras-sagradas-para-los-monjes-benedictinos-de-nursia","status":"publish","type":"post","link":"https:\/\/ikostudio.it\/es\/vidrieras-sagradas-para-los-monjes-benedictinos-de-nursia\/","title":{"rendered":"Vidrieras Sagradas para los Monjes Benedictinos de Nursia"},"content":{"rendered":"\t\t<div data-elementor-type=\"wp-post\" data-elementor-id=\"29131\" class=\"elementor elementor-29131 elementor-17249\" data-elementor-post-type=\"post\">\n\t\t\t\t<div class=\"elementor-element elementor-element-6aea06d e-flex e-con-boxed e-con e-parent\" data-id=\"6aea06d\" data-element_type=\"container\" data-e-type=\"container\">\n\t\t\t\t\t<div class=\"e-con-inner\">\n\t\t\t\t<div class=\"elementor-element elementor-element-affce74 elementor-widget elementor-widget-text-editor\" data-id=\"affce74\" data-element_type=\"widget\" data-e-type=\"widget\" data-widget_type=\"text-editor.default\">\n\t\t\t\t<div class=\"elementor-widget-container\">\n\t\t\t\t\t\t\t\t\t<h1>Vidrieras Sagradas para los Monjes Benedictinos de Nursia<\/h1>\n<p>IKO Studio tuvo el honor de recibir uno de los encargos m\u00e1s prestigiosos desde su fundaci\u00f3n: la creaci\u00f3n de las <strong>vidrieras sagradas para los Monjes Benedictinos de Nursia.<\/strong><\/p>\n\t\t\t\t\t\t\t\t<\/div>\n\t\t\t\t<\/div>\n\t\t\t\t\t<\/div>\n\t\t\t\t<\/div>\n\t\t<div class=\"elementor-element elementor-element-809a8d9 e-flex e-con-boxed e-con e-parent\" data-id=\"809a8d9\" data-element_type=\"container\" data-e-type=\"container\">\n\t\t\t\t\t<div class=\"e-con-inner\">\n\t\t<div class=\"elementor-element elementor-element-ff1db0a e-con-full e-flex e-con e-child\" data-id=\"ff1db0a\" data-element_type=\"container\" data-e-type=\"container\">\n\t\t\t\t<div class=\"elementor-element elementor-element-e4f73b6 elementor-widget elementor-widget-text-editor\" data-id=\"e4f73b6\" data-element_type=\"widget\" data-e-type=\"widget\" data-widget_type=\"text-editor.default\">\n\t\t\t\t<div class=\"elementor-widget-container\">\n\t\t\t\t\t\t\t\t\t<h3><strong>El terremoto que cambi\u00f3 todo<\/strong><\/h3>\n<p>En la ma\u00f1ana del 30 de octubre de 2016, a las 7:40, un violento terremoto de magnitud 5.6 sacudi\u00f3 el centro de Italia, causando graves da\u00f1os en los maravillosos pueblos medievales, incluida Nursia.<\/p>\n<p>Nursia, ciudad natal de San Benito y de su hermana gemela Escol\u00e1stica en el siglo V, es la sede de una de las \u00f3rdenes mon\u00e1sticas m\u00e1s importantes del mundo: los Monjes Benedictinos de Nursia. El sismo destruy\u00f3 la Bas\u00edlica de San Benito en el centro hist\u00f3rico y dej\u00f3 inhabitable el monasterio de San Benito en Monte.<\/p>\n<p>Afortunadamente, no hubo v\u00edctimas, pero el monasterio fue completamente destruido y la antigua iglesia sufri\u00f3 graves da\u00f1os.<\/p>\n\t\t\t\t\t\t\t\t<\/div>\n\t\t\t\t<\/div>\n\t\t\t\t<\/div>\n\t\t<div class=\"elementor-element elementor-element-338848a e-con-full e-flex e-con e-child\" data-id=\"338848a\" data-element_type=\"container\" data-e-type=\"container\">\n\t\t\t\t<div class=\"elementor-element elementor-element-709679e elementor-widget elementor-widget-image\" data-id=\"709679e\" data-element_type=\"widget\" data-e-type=\"widget\" data-widget_type=\"image.default\">\n\t\t\t\t<div class=\"elementor-widget-container\">\n\t\t\t\t\t\t\t\t\t\t\t\t<figure class=\"wp-caption\">\n\t\t\t\t\t\t\t\t\t\t<img fetchpriority=\"high\" decoding=\"async\" width=\"800\" height=\"372\" src=\"https:\/\/ikostudio.it\/wp-content\/uploads\/2019\/08\/Vetrate-Monaci-Benedettini-di-Norcia-Terremoto.webp\" class=\"attachment-large size-large wp-image-2210\" alt=\"Vetrate Monaci Benedettini di Norcia Terremoto\" \/>\t\t\t\t\t\t\t\t\t\t\t<figcaption class=\"widget-image-caption wp-caption-text\"><\/figcaption>\n\t\t\t\t\t\t\t\t\t\t<\/figure>\n\t\t\t\t\t\t\t\t\t<\/div>\n\t\t\t\t<\/div>\n\t\t\t\t<\/div>\n\t\t\t\t\t<\/div>\n\t\t\t\t<\/div>\n\t\t<div class=\"elementor-element elementor-element-e629f65 e-flex e-con-boxed e-con e-parent\" data-id=\"e629f65\" data-element_type=\"container\" data-e-type=\"container\">\n\t\t\t\t\t<div class=\"e-con-inner\">\n\t\t<div class=\"elementor-element elementor-element-c6484d4 e-con-full e-flex e-con e-child\" data-id=\"c6484d4\" data-element_type=\"container\" data-e-type=\"container\">\n\t\t\t\t<div class=\"elementor-element elementor-element-fb8eed9 elementor-widget elementor-widget-text-editor\" data-id=\"fb8eed9\" data-element_type=\"widget\" data-e-type=\"widget\" data-widget_type=\"text-editor.default\">\n\t\t\t\t<div class=\"elementor-widget-container\">\n\t\t\t\t\t\t\t\t\t<h3><strong>Un nuevo comienzo para los Monjes Benedictinos<\/strong><\/h3>\n<p>Gracias a donaciones de todo el mundo, fue posible construir un nuevo monasterio y una capilla de madera antis\u00edsmica. IKO Studio fue contactado para crear cinco vidrieras art\u00edsticas en estilo g\u00f3tico tradicional y geom\u00e9trico, destinadas a embellecer la nueva capilla.<\/p>\n<h3><strong>Un trabajo de excelencia artesanal<\/strong><\/h3>\n<p>Este encargo se convirti\u00f3 en uno de los proyectos m\u00e1s desafiantes en la historia de IKO Studio. Las vidrieras, decoradas con pintura en grisalla, presentan l\u00edneas claras y precisas, sin degradados, respetando el estilo tradicional.<\/p>\n<p>El proyecto se realiz\u00f3 con gran cuidado y colaboraci\u00f3n. Personalmente, me encargu\u00e9 del dise\u00f1o, las l\u00edneas de corte y el corte de las numerosas piezas de vidrio, unas 500 en total. Agradezco de coraz\u00f3n a mis colaboradores Andrea Marsicola, Francesca Isoldi y Liz Bottomley por su valioso apoyo en la pintura, que supervis\u00e9 atentamente.<\/p>\n<p>Para el ensamblaje con plomo, colaboramos con el estudio <a href=\"https:\/\/www.mondo-vetro.it\/\" target=\"_blank\" rel=\"noopener\">Mondo Vetro de Vicenza<\/a>. Diego Cozza trabaj\u00f3 con nosotros para completar esta fase crucial del proceso.<\/p>\n\t\t\t\t\t\t\t\t<\/div>\n\t\t\t\t<\/div>\n\t\t\t\t<\/div>\n\t\t<div class=\"elementor-element elementor-element-40c4c9e e-con-full e-flex e-con e-child\" data-id=\"40c4c9e\" data-element_type=\"container\" data-e-type=\"container\">\n\t\t\t\t<div class=\"elementor-element elementor-element-ebe6779 elementor-widget elementor-widget-image\" data-id=\"ebe6779\" data-element_type=\"widget\" data-e-type=\"widget\" data-widget_type=\"image.default\">\n\t\t\t\t<div class=\"elementor-widget-container\">\n\t\t\t\t\t\t\t\t\t\t\t\t<figure class=\"wp-caption\">\n\t\t\t\t\t\t\t\t\t\t<img decoding=\"async\" width=\"800\" height=\"511\" src=\"https:\/\/ikostudio.it\/wp-content\/uploads\/2019\/08\/Monaci-Benedettini-di-Norcia-Cappella.webp\" class=\"attachment-large size-large wp-image-2213\" alt=\"Monaci Benedettini di Norcia Cappella\" \/>\t\t\t\t\t\t\t\t\t\t\t<figcaption class=\"widget-image-caption wp-caption-text\"><\/figcaption>\n\t\t\t\t\t\t\t\t\t\t<\/figure>\n\t\t\t\t\t\t\t\t\t<\/div>\n\t\t\t\t<\/div>\n\t\t\t\t<\/div>\n\t\t\t\t\t<\/div>\n\t\t\t\t<\/div>\n\t\t<div class=\"elementor-element elementor-element-7679250 e-grid e-con-boxed e-con e-parent\" data-id=\"7679250\" data-element_type=\"container\" data-e-type=\"container\">\n\t\t\t\t\t<div class=\"e-con-inner\">\n\t\t\t\t<div class=\"elementor-element elementor-element-89728a0 elementor-widget elementor-widget-image\" data-id=\"89728a0\" data-element_type=\"widget\" data-e-type=\"widget\" data-widget_type=\"image.default\">\n\t\t\t\t<div class=\"elementor-widget-container\">\n\t\t\t\t\t\t\t\t\t\t\t\t<figure class=\"wp-caption\">\n\t\t\t\t\t\t\t\t\t\t<img decoding=\"async\" width=\"800\" height=\"600\" src=\"https:\/\/ikostudio.it\/wp-content\/uploads\/2019\/08\/Vetrate-Monaci-Benedettini-di-Norcia-Pittura.webp\" class=\"attachment-large size-large wp-image-2216\" alt=\"Adorno g\u00f3tico para vidriera\" \/>\t\t\t\t\t\t\t\t\t\t\t<figcaption class=\"widget-image-caption wp-caption-text\">Las piezas de vidrio pintados<\/figcaption>\n\t\t\t\t\t\t\t\t\t\t<\/figure>\n\t\t\t\t\t\t\t\t\t<\/div>\n\t\t\t\t<\/div>\n\t\t\t\t<div class=\"elementor-element elementor-element-4752bfb elementor-widget elementor-widget-image\" data-id=\"4752bfb\" data-element_type=\"widget\" data-e-type=\"widget\" data-widget_type=\"image.default\">\n\t\t\t\t<div class=\"elementor-widget-container\">\n\t\t\t\t\t\t\t\t\t\t\t\t<figure class=\"wp-caption\">\n\t\t\t\t\t\t\t\t\t\t<img loading=\"lazy\" decoding=\"async\" width=\"800\" height=\"600\" src=\"https:\/\/ikostudio.it\/wp-content\/uploads\/2019\/08\/Vetrate-Monaci-Benedettini-di-Norcia-Piombo.webp\" class=\"attachment-large size-large wp-image-2219\" alt=\"Vidrieras Sagradas para los Monjes Benedictinos de Nursia Emplomado\" \/>\t\t\t\t\t\t\t\t\t\t\t<figcaption class=\"widget-image-caption wp-caption-text\">La armadura en plomo<\/figcaption>\n\t\t\t\t\t\t\t\t\t\t<\/figure>\n\t\t\t\t\t\t\t\t\t<\/div>\n\t\t\t\t<\/div>\n\t\t\t\t<div class=\"elementor-element elementor-element-6a6d471 elementor-widget elementor-widget-image\" data-id=\"6a6d471\" data-element_type=\"widget\" data-e-type=\"widget\" data-widget_type=\"image.default\">\n\t\t\t\t<div class=\"elementor-widget-container\">\n\t\t\t\t\t\t\t\t\t\t\t\t<figure class=\"wp-caption\">\n\t\t\t\t\t\t\t\t\t\t<img loading=\"lazy\" decoding=\"async\" width=\"800\" height=\"600\" src=\"https:\/\/ikostudio.it\/wp-content\/uploads\/2019\/08\/Vetrate-Norcia-Link.webp\" class=\"attachment-large size-large wp-image-2073\" alt=\"Detalle Vidrieras Sagradas para Nursia\" \/>\t\t\t\t\t\t\t\t\t\t\t<figcaption class=\"widget-image-caption wp-caption-text\">Detalle de una vidriera<\/figcaption>\n\t\t\t\t\t\t\t\t\t\t<\/figure>\n\t\t\t\t\t\t\t\t\t<\/div>\n\t\t\t\t<\/div>\n\t\t\t\t\t<\/div>\n\t\t\t\t<\/div>\n\t\t<div class=\"elementor-element elementor-element-6b2e9e1 e-flex e-con-boxed e-con e-parent\" data-id=\"6b2e9e1\" data-element_type=\"container\" data-e-type=\"container\">\n\t\t\t\t\t<div class=\"e-con-inner\">\n\t\t\t\t<div class=\"elementor-element elementor-element-887479b elementor-widget elementor-widget-text-editor\" data-id=\"887479b\" data-element_type=\"widget\" data-e-type=\"widget\" data-widget_type=\"text-editor.default\">\n\t\t\t\t<div class=\"elementor-widget-container\">\n\t\t\t\t\t\t\t\t\t<h3><strong>Vidrieras sagradas para los Monjes Benedictinos de Nursia: una instalaci\u00f3n innovadora<\/strong><\/h3>\n<p>Las vidrieras se instalaron con un sistema innovador que combina la vidriera art\u00edstica con un vidrio de seguridad laminado, utilizando un perfil de aluminio con sales deshidratantes. Este m\u00e9todo garantiza:<\/p>\n<ul>\n<li>Una excelente aislaci\u00f3n t\u00e9rmica.<\/li>\n<li>La prevenci\u00f3n de formaci\u00f3n de humedad entre el vidrio de protecci\u00f3n externo y la vidriera art\u00edstica.<\/li>\n<\/ul>\n<p>En el interior de la capilla, la vidriera mantiene la est\u00e9tica tradicional: los vidrios, el plomo y las barras de refuerzo de acero, unidas con alambres de cobre, pueden tocarse, evocando la belleza de las antiguas catedrales.<\/p>\n<p>Los marcos de madera fueron realizados con maestr\u00eda por la carpinter\u00eda Mobili Duchi de Citt\u00e0 di Castello, con quienes tuvimos el placer de colaborar para completar este proyecto de manera impecable.<\/p>\n<h3><strong>Una experiencia inolvidable<\/strong><\/h3>\n<p>Fue un gran placer colaborar con el Padre Prior Benedetto y asistir a las conmovedoras celebraciones cantadas en lat\u00edn por los monjes. Queremos agradecer tambi\u00e9n al Padre Prior por la especialmente emotiva homil\u00eda, inspirada en la luz que atraviesa nuestras vidrieras: una luz filtrada por los colores y los dise\u00f1os geom\u00e9tricos, que se transforma en un mensaje divino.<\/p>\n<p>IKO Studio se siente honrado de haber contribuido con sus vidrieras art\u00edsticas sagradas para los Monjes Benedictinos de Nursia en la renovaci\u00f3n de este lugar de culto, aportando belleza a trav\u00e9s de la luz y el vidrio.<\/p>\n\t\t\t\t\t\t\t\t<\/div>\n\t\t\t\t<\/div>\n\t\t\t\t\t<\/div>\n\t\t\t\t<\/div>\n\t\t<div class=\"elementor-element elementor-element-31d3677 e-flex e-con-boxed e-con e-parent\" data-id=\"31d3677\" data-element_type=\"container\" data-e-type=\"container\">\n\t\t\t\t\t<div class=\"e-con-inner\">\n\t\t\t\t<div class=\"elementor-element elementor-element-a01cd49 elementor-widget elementor-widget-image\" data-id=\"a01cd49\" data-element_type=\"widget\" data-e-type=\"widget\" data-widget_type=\"image.default\">\n\t\t\t\t<div class=\"elementor-widget-container\">\n\t\t\t\t\t\t\t\t\t\t\t\t\t\t\t<img loading=\"lazy\" decoding=\"async\" width=\"800\" height=\"286\" src=\"https:\/\/ikostudio.it\/wp-content\/uploads\/2019\/08\/Vetrate-Monaci-Benedettini-di-Norcia.webp\" class=\"attachment-large size-large wp-image-2207\" alt=\"Vidrieras Sagradas para los Monjes Benedictinos de Nursia\" \/>\t\t\t\t\t\t\t\t\t\t\t\t\t\t\t<\/div>\n\t\t\t\t<\/div>\n\t\t\t\t\t<\/div>\n\t\t\t\t<\/div>\n\t\t<div class=\"elementor-element elementor-element-b0c8e67 e-flex e-con-boxed e-con e-parent\" data-id=\"b0c8e67\" data-element_type=\"container\" data-e-type=\"container\">\n\t\t\t\t\t<div class=\"e-con-inner\">\n\t\t\t\t<div class=\"elementor-element elementor-element-511eb4b elementor-widget elementor-widget-text-editor\" data-id=\"511eb4b\" data-element_type=\"widget\" data-e-type=\"widget\" data-widget_type=\"text-editor.default\">\n\t\t\t\t<div class=\"elementor-widget-container\">\n\t\t\t\t\t\t\t\t\t<h3><strong>Descubre m\u00e1s sobre nuestras Vidrieras Art\u00edsticas Sagradas<\/strong><\/h3>\n<p>Si este proyecto te ha emocionado, te invitamos a descubrir todas nuestras creaciones en la p\u00e1gina dedicada a las <a href=\"https:\/\/ikostudio.it\/es\/vitrales-artisticos-sacros\/\">vidrieras art\u00edsticas sagradas<\/a>. Cada obra es una uni\u00f3n de arte, tradici\u00f3n y espiritualidad, pensada para embellecer iglesias, capillas y lugares de culto.<\/p>\n\t\t\t\t\t\t\t\t<\/div>\n\t\t\t\t<\/div>\n\t\t\t\t\t<\/div>\n\t\t\t\t<\/div>\n\t\t\t\t<\/div>\n\t\t","protected":false},"excerpt":{"rendered":"<p>Vidrieras Sagradas para los Monjes Benedictinos de Nursia IKO Studio tuvo el honor de recibir uno de los encargos m\u00e1s prestigiosos desde su fundaci\u00f3n: la creaci\u00f3n de las vidrieras sagradas para los Monjes Benedictinos de Nursia. El terremoto que cambi\u00f3 todo En la ma\u00f1ana del 30 de octubre de 2016, a las 7:40, un violento [&hellip;]<\/p>\n","protected":false},"author":3,"featured_media":2207,"comment_status":"open","ping_status":"closed","sticky":false,"template":"","format":"standard","meta":{"footnotes":""},"categories":[14],"tags":[2955,1836,1953],"class_list":["post-29131","post","type-post","status-publish","format-standard","has-post-thumbnail","hentry","category-blog-di-vetrate-artistiche","tag-monjes-benedictinos-de-nursia","tag-nuevo-vitral","tag-vitral-sagrado"],"_links":{"self":[{"href":"https:\/\/ikostudio.it\/es\/wp-json\/wp\/v2\/posts\/29131","targetHints":{"allow":["GET"]}}],"collection":[{"href":"https:\/\/ikostudio.it\/es\/wp-json\/wp\/v2\/posts"}],"about":[{"href":"https:\/\/ikostudio.it\/es\/wp-json\/wp\/v2\/types\/post"}],"author":[{"embeddable":true,"href":"https:\/\/ikostudio.it\/es\/wp-json\/wp\/v2\/users\/3"}],"replies":[{"embeddable":true,"href":"https:\/\/ikostudio.it\/es\/wp-json\/wp\/v2\/comments?post=29131"}],"version-history":[{"count":0,"href":"https:\/\/ikostudio.it\/es\/wp-json\/wp\/v2\/posts\/29131\/revisions"}],"wp:featuredmedia":[{"embeddable":true,"href":"https:\/\/ikostudio.it\/es\/wp-json\/wp\/v2\/media\/2207"}],"wp:attachment":[{"href":"https:\/\/ikostudio.it\/es\/wp-json\/wp\/v2\/media?parent=29131"}],"wp:term":[{"taxonomy":"category","embeddable":true,"href":"https:\/\/ikostudio.it\/es\/wp-json\/wp\/v2\/categories?post=29131"},{"taxonomy":"post_tag","embeddable":true,"href":"https:\/\/ikostudio.it\/es\/wp-json\/wp\/v2\/tags?post=29131"}],"curies":[{"name":"wp","href":"https:\/\/api.w.org\/{rel}","templated":true}]}}