{"id":28520,"date":"2024-12-22T15:27:50","date_gmt":"2024-12-22T15:27:50","guid":{"rendered":"https:\/\/ikostudio.it\/vidrieras-de-la-cartuja-de-pavia\/"},"modified":"2024-12-22T15:34:30","modified_gmt":"2024-12-22T15:34:30","slug":"vidrieras-de-la-cartuja-de-pavia","status":"publish","type":"post","link":"https:\/\/ikostudio.it\/es\/vidrieras-de-la-cartuja-de-pavia\/","title":{"rendered":"Vidrieras de la Cartuja de Pav\u00eda"},"content":{"rendered":"\t\t<div data-elementor-type=\"wp-post\" data-elementor-id=\"28520\" class=\"elementor elementor-28520 elementor-17237\" data-elementor-post-type=\"post\">\n\t\t\t\t\t\t<section class=\"elementor-section elementor-top-section elementor-element elementor-element-0a26ce2 elementor-section-boxed elementor-section-height-default elementor-section-height-default\" data-id=\"0a26ce2\" data-element_type=\"section\" data-e-type=\"section\">\n\t\t\t\t\t\t<div class=\"elementor-container elementor-column-gap-default\">\n\t\t\t\t\t<div class=\"elementor-column elementor-col-100 elementor-top-column elementor-element elementor-element-bc7b014\" data-id=\"bc7b014\" data-element_type=\"column\" data-e-type=\"column\">\n\t\t\t<div class=\"elementor-widget-wrap elementor-element-populated\">\n\t\t\t\t\t\t<div class=\"elementor-element elementor-element-007fa36 elementor-widget elementor-widget-text-editor\" data-id=\"007fa36\" data-element_type=\"widget\" data-e-type=\"widget\" data-widget_type=\"text-editor.default\">\n\t\t\t\t<div class=\"elementor-widget-container\">\n\t\t\t\t\t\t\t\t\t<h1>Vidrieras de la cartuja de Pav\u00eda<\/h1>\n<p>He decidido dedicar una publicaci\u00f3n a las vidrieras de la Cartuja de Pav\u00eda despu\u00e9s de una reciente visita que me ha impactado profundamente. Siendo originario de Pav\u00eda, he tenido muchas ocasiones para visitar este magn\u00edfico lugar, desde las excursiones escolares en primaria hasta las visitas con amigos y familiares. Sin embargo, hac\u00eda a\u00f1os que no volv\u00eda. Redescubrir la Cartuja hoy, con la experiencia adquirida en el mundo de las vidrieras art\u00edsticas, ha sido realmente emocionante.<\/p>\n<p>Para quienes no lo sepan, la <a href=\"https:\/\/es.wikipedia.org\/wiki\/Cartuja_de_Pav%C3%ADa\" target=\"_blank\" rel=\"noopener\">Cartuja de Pav\u00eda<\/a> es un espl\u00e9ndido complejo monumental situado al norte de la ciudad. Su construcci\u00f3n comenz\u00f3 en 1396 por encargo de Gian Galeazzo Visconti, duque de Mil\u00e1n. Incluye un monasterio y un santuario, hoy habitado por una comunidad de monjes cistercienses. El complejo es una obra maestra que fusiona elementos del g\u00f3tico tard\u00edo italiano y del Renacimiento, enriquecido con esculturas, mosaicos y frescos de extraordinaria belleza.<\/p>\n<p>Entre las muchas maravillas de la Cartuja destaca la colecci\u00f3n de vidrieras art\u00edsticas renacentistas, verdaderas joyas que cuentan historias de fe, arte y maestr\u00eda artesanal.<\/p>\n<p>Espero que esta publicaci\u00f3n los inspire a visitar la Cartuja de Pav\u00eda y a dejarse fascinar por estas incre\u00edbles obras de arte.<\/p>\n\t\t\t\t\t\t\t\t<\/div>\n\t\t\t\t<\/div>\n\t\t\t\t\t<\/div>\n\t\t<\/div>\n\t\t\t\t\t<\/div>\n\t\t<\/section>\n\t\t<div class=\"elementor-element elementor-element-c019f2e e-flex e-con-boxed e-con e-parent\" data-id=\"c019f2e\" data-element_type=\"container\" data-e-type=\"container\">\n\t\t\t\t\t<div class=\"e-con-inner\">\n\t\t\t\t<div class=\"elementor-element elementor-element-eddf19b elementor-widget elementor-widget-text-editor\" data-id=\"eddf19b\" data-element_type=\"widget\" data-e-type=\"widget\" data-widget_type=\"text-editor.default\">\n\t\t\t\t<div class=\"elementor-widget-container\">\n\t\t\t\t\t\t\t\t\t<p>Vidrieras de la Cartuja de Pav\u00eda: los artistas<\/p>\n<p>Muchos artistas del Renacimiento contribuyeron a la creaci\u00f3n del magn\u00edfico conjunto monumental de la Cartuja de Pav\u00eda, y entre ellos tambi\u00e9n se encuentran maestros del arte del vidrio como Cristoforo de Mottis, Antonio da Pandino y Vincenzo Foppa.<\/p>\n<p>&nbsp;<\/p>\n\t\t\t\t\t\t\t\t<\/div>\n\t\t\t\t<\/div>\n\t\t\t\t\t<\/div>\n\t\t\t\t<\/div>\n\t\t<div class=\"elementor-element elementor-element-fd3491e e-flex e-con-boxed e-con e-parent\" data-id=\"fd3491e\" data-element_type=\"container\" data-e-type=\"container\">\n\t\t\t\t\t<div class=\"e-con-inner\">\n\t\t<div class=\"elementor-element elementor-element-5c00c91 e-con-full e-flex e-con e-child\" data-id=\"5c00c91\" data-element_type=\"container\" data-e-type=\"container\">\n\t\t\t\t<div class=\"elementor-element elementor-element-e981f77 elementor-widget elementor-widget-image\" data-id=\"e981f77\" data-element_type=\"widget\" data-e-type=\"widget\" data-widget_type=\"image.default\">\n\t\t\t\t<div class=\"elementor-widget-container\">\n\t\t\t\t\t\t\t\t\t\t\t\t\t\t\t\t<a href=\"https:\/\/ikostudio.it\/wp-content\/uploads\/2015\/05\/Vetrata-medievale-San-Bernardo-Pavia.jpg\" data-elementor-open-lightbox=\"yes\" data-elementor-lightbox-title=\"Vidriera medieval San Bernardo Pav\u00eda\" data-e-action-hash=\"#elementor-action%3Aaction%3Dlightbox%26settings%3DeyJpZCI6Mjg0NTksInVybCI6Imh0dHBzOlwvXC9pa29zdHVkaW8uaXRcL3dwLWNvbnRlbnRcL3VwbG9hZHNcLzIwMTVcLzA1XC9WZXRyYXRhLW1lZGlldmFsZS1TYW4tQmVybmFyZG8tUGF2aWEud2VicCJ9\">\n\t\t\t\t\t\t\t<img decoding=\"async\" src=\"https:\/\/ikostudio.it\/wp-content\/uploads\/elementor\/thumbs\/Vetrata-medievale-San-Bernardo-Pavia-rdte3yjvs0jikt3c9hxkt3fahovu8bef9yx8jonjew.webp\" title=\"Vidriera medieval San Bernardo Pav\u00eda\" alt=\"Vidriera medieval San Bernardo Pav\u00eda Italia\" loading=\"lazy\" \/>\t\t\t\t\t\t\t\t<\/a>\n\t\t\t\t\t\t\t\t\t\t\t\t\t\t\t<\/div>\n\t\t\t\t<\/div>\n\t\t\t\t<\/div>\n\t\t<div class=\"elementor-element elementor-element-857a4e7 e-con-full e-flex e-con e-child\" data-id=\"857a4e7\" data-element_type=\"container\" data-e-type=\"container\">\n\t\t\t\t<div class=\"elementor-element elementor-element-ed6307e elementor-widget elementor-widget-text-editor\" data-id=\"ed6307e\" data-element_type=\"widget\" data-e-type=\"widget\" data-widget_type=\"text-editor.default\">\n\t\t\t\t<div class=\"elementor-widget-container\">\n\t\t\t\t\t\t\t\t\t<h4>La Vidriera de San Bernardo<\/h4>\n<p>Una de las primeras obras atribuidas con certeza es la vidriera que representa a <strong>San Bernardo<\/strong>, como lo demuestra la inscripci\u00f3n en su base: \u201copus Cristofori de Mottis 1477\u201d. Cristoforo de Mottis (activo entre 1460 y 1482) fue el m\u00e1s importante exponente de la familia De Mottis, que inclu\u00eda tambi\u00e9n a Iacopino, a quien se le atribuye otra vidriera de la Cartuja. Adem\u00e1s de la Cartuja de Pav\u00eda, los De Mottis dejaron su huella en las vidrieras de la Catedral de Mil\u00e1n y de G\u00e9nova.<\/p>\n<p>Esta vidriera, pintada con <strong>grisalla<\/strong> y <strong>amarillo de plata<\/strong>, representa al fundador de la orden cartuja con un demonio encadenado a sus pies, s\u00edmbolo del papel exorcista que la tradici\u00f3n le atribuye. El escudo visconteo-sforzesco presente en una de las columnas identifica al comitente, atribuido al duque Galeazzo Mar\u00eda Sforza (fallecido en 1476).<\/p>\n\t\t\t\t\t\t\t\t<\/div>\n\t\t\t\t<\/div>\n\t\t\t\t<\/div>\n\t\t\t\t\t<\/div>\n\t\t\t\t<\/div>\n\t\t<div class=\"elementor-element elementor-element-ae2b039 e-grid e-con-boxed e-con e-parent\" data-id=\"ae2b039\" data-element_type=\"container\" data-e-type=\"container\">\n\t\t\t\t\t<div class=\"e-con-inner\">\n\t\t\t\t<div class=\"elementor-element elementor-element-c273000 elementor-widget elementor-widget-text-editor\" data-id=\"c273000\" data-element_type=\"widget\" data-e-type=\"widget\" data-widget_type=\"text-editor.default\">\n\t\t\t\t<div class=\"elementor-widget-container\">\n\t\t\t\t\t\t\t\t\t<h4>La Vidriera de San Jer\u00f3nimo<\/h4>\n<p>Atribuida a Iacopino de Mottis y datada alrededor de 1505, la vidriera representa a San Jer\u00f3nimo con sus atributos: un libro en las manos y un le\u00f3n a sus pies. La figura lleva un espl\u00e9ndido manto de <strong>vidrio rojo soplado<\/strong>, adornado con motivos damascados pintados con grisalla. El santo est\u00e1 enmarcado por una arquitectura cerrada con un cortinaje decorado con motivos florales.<\/p>\n\t\t\t\t\t\t\t\t<\/div>\n\t\t\t\t<\/div>\n\t\t\t\t<div class=\"elementor-element elementor-element-89f4a83 elementor-widget elementor-widget-image\" data-id=\"89f4a83\" data-element_type=\"widget\" data-e-type=\"widget\" data-widget_type=\"image.default\">\n\t\t\t\t<div class=\"elementor-widget-container\">\n\t\t\t\t\t\t\t\t\t\t\t\t\t\t\t\t<a href=\"https:\/\/ikostudio.it\/wp-content\/uploads\/2015\/05\/Vetrata-Medievale-San-Girolamo.jpg\" data-elementor-open-lightbox=\"yes\" data-elementor-lightbox-title=\"Vidriera medieval San Jer\u00f3nimo\" data-e-action-hash=\"#elementor-action%3Aaction%3Dlightbox%26settings%3DeyJpZCI6Mjg0NjIsInVybCI6Imh0dHBzOlwvXC9pa29zdHVkaW8uaXRcL3dwLWNvbnRlbnRcL3VwbG9hZHNcLzIwMTVcLzA1XC9WZXRyYXRhLU1lZGlldmFsZS1TYW4tR2lyb2xhbW8ud2VicCJ9\">\n\t\t\t\t\t\t\t<img decoding=\"async\" src=\"https:\/\/ikostudio.it\/wp-content\/uploads\/elementor\/thumbs\/Vetrata-Medievale-San-Girolamo-rdte3yjvs0jikt3c9hxkt3fahovu8bef9yx8jonjew.webp\" title=\"Vidriera medieval San Jer\u00f3nimo\" alt=\"Vidriera medieval San Jer\u00f3nimo\" loading=\"lazy\" \/>\t\t\t\t\t\t\t\t<\/a>\n\t\t\t\t\t\t\t\t\t\t\t\t\t\t\t<\/div>\n\t\t\t\t<\/div>\n\t\t\t\t\t<\/div>\n\t\t\t\t<\/div>\n\t\t<div class=\"elementor-element elementor-element-53aaae9 e-flex e-con-boxed e-con e-parent\" data-id=\"53aaae9\" data-element_type=\"container\" data-e-type=\"container\">\n\t\t\t\t\t<div class=\"e-con-inner\">\n\t\t\t\t<div class=\"elementor-element elementor-element-1ca86cd elementor-widget elementor-widget-text-editor\" data-id=\"1ca86cd\" data-element_type=\"widget\" data-e-type=\"widget\" data-widget_type=\"text-editor.default\">\n\t\t\t\t<div class=\"elementor-widget-container\">\n\t\t\t\t\t\t\t\t\t<h4>Las Obras de Vincenzo Foppa<\/h4>\n<p>El c\u00e9lebre pintor <strong>Vincenzo Foppa<\/strong>, protagonista del Renacimiento lombardo, es otro de los artistas a quien se atribuyen algunas vidrieras de la Cartuja.<\/p>\n\t\t\t\t\t\t\t\t<\/div>\n\t\t\t\t<\/div>\n\t\t\t\t\t<\/div>\n\t\t\t\t<\/div>\n\t\t<div class=\"elementor-element elementor-element-caafa98 e-grid e-con-boxed e-con e-parent\" data-id=\"caafa98\" data-element_type=\"container\" data-e-type=\"container\">\n\t\t\t\t\t<div class=\"e-con-inner\">\n\t\t\t\t<div class=\"elementor-element elementor-element-103803d elementor-widget elementor-widget-text-editor\" data-id=\"103803d\" data-element_type=\"widget\" data-e-type=\"widget\" data-widget_type=\"text-editor.default\">\n\t\t\t\t<div class=\"elementor-widget-container\">\n\t\t\t\t\t\t\t\t\t<ul>\n<li><strong>La Vidriera de la Natividad (1476):<\/strong><br \/>\nProbablemente basada en bocetos de Foppa, esta vidriera fue realizada por maestros vidrieros milaneses. Lamentablemente, est\u00e1 afectada por el fen\u00f3meno de la p\u00e9rdida de grisalla, causado por factores como una cocci\u00f3n inadecuada, baja calidad de los materiales o condiciones ambientales desfavorables.<\/li>\n<li><strong>La Vidriera de la Virgen de la Anunciaci\u00f3n:<\/strong><br \/>\nLa Virgen est\u00e1 representada leyendo un libro, con un segundo volumen apoyado en una balaustrada. La obra est\u00e1 enriquecida con un escudo de la familia <strong>Sforza-Visconti<\/strong>, lo que confirma la importancia del encargo. Aunque no existe evidencia de la existencia de una vidriera complementaria que represente al \u00e1ngel, la composici\u00f3n ya parece completa en su forma actual.<\/li>\n<\/ul>\n\t\t\t\t\t\t\t\t<\/div>\n\t\t\t\t<\/div>\n\t\t\t\t<div class=\"elementor-element elementor-element-b42bcf4 elementor-widget elementor-widget-image\" data-id=\"b42bcf4\" data-element_type=\"widget\" data-e-type=\"widget\" data-widget_type=\"image.default\">\n\t\t\t\t<div class=\"elementor-widget-container\">\n\t\t\t\t\t\t\t\t\t\t\t\t<figure class=\"wp-caption\">\n\t\t\t\t\t\t\t\t\t\t<img decoding=\"async\" src=\"https:\/\/ikostudio.it\/wp-content\/uploads\/elementor\/thumbs\/Vetrate-Della-Certosa-di-Pavia-Annunciazione-rdte3yjw0satii8tdk9l34gv3z2w3n7axj7emycfla.webp\" title=\"Vidriera con la Virgen de la Anunciaci\u00f3n Italia\" alt=\"Vidriera con la Virgen de la Anunciaci\u00f3n Italia\" loading=\"lazy\" \/>\t\t\t\t\t\t\t\t\t\t\t<figcaption class=\"widget-image-caption wp-caption-text\">Virgen de la Anunciaci\u00f3n<\/figcaption>\n\t\t\t\t\t\t\t\t\t\t<\/figure>\n\t\t\t\t\t\t\t\t\t<\/div>\n\t\t\t\t<\/div>\n\t\t\t\t<div class=\"elementor-element elementor-element-88e4096 elementor-widget elementor-widget-image\" data-id=\"88e4096\" data-element_type=\"widget\" data-e-type=\"widget\" data-widget_type=\"image.default\">\n\t\t\t\t<div class=\"elementor-widget-container\">\n\t\t\t\t\t\t\t\t\t\t\t\t<figure class=\"wp-caption\">\n\t\t\t\t\t\t\t\t\t\t<img fetchpriority=\"high\" decoding=\"async\" width=\"447\" height=\"750\" src=\"https:\/\/ikostudio.it\/wp-content\/uploads\/2015\/05\/Vetrata-con-Nativita-Certosa-Pavia.webp\" class=\"attachment-large size-large wp-image-28465\" alt=\"Vidriera antigua con la Natividad Italia\" \/>\t\t\t\t\t\t\t\t\t\t\t<figcaption class=\"widget-image-caption wp-caption-text\">Natividad<\/figcaption>\n\t\t\t\t\t\t\t\t\t\t<\/figure>\n\t\t\t\t\t\t\t\t\t<\/div>\n\t\t\t\t<\/div>\n\t\t\t\t\t<\/div>\n\t\t\t\t<\/div>\n\t\t<div class=\"elementor-element elementor-element-bbe827f e-flex e-con-boxed e-con e-parent\" data-id=\"bbe827f\" data-element_type=\"container\" data-e-type=\"container\">\n\t\t\t\t\t<div class=\"e-con-inner\">\n\t\t<div class=\"elementor-element elementor-element-d6278c7 e-con-full e-flex e-con e-child\" data-id=\"d6278c7\" data-element_type=\"container\" data-e-type=\"container\">\n\t\t\t\t<div class=\"elementor-element elementor-element-f9418ed elementor-widget elementor-widget-image\" data-id=\"f9418ed\" data-element_type=\"widget\" data-e-type=\"widget\" data-widget_type=\"image.default\">\n\t\t\t\t<div class=\"elementor-widget-container\">\n\t\t\t\t\t\t\t\t\t\t\t\t\t\t\t\t<a href=\"https:\/\/ikostudio.it\/wp-content\/uploads\/2015\/05\/Vetrata-Santa-Caterina-Alessandria.jpg\" data-elementor-open-lightbox=\"yes\" data-elementor-lightbox-title=\"Vidriera antigua Santa Caterina Alessandria\" data-e-action-hash=\"#elementor-action%3Aaction%3Dlightbox%26settings%3DeyJpZCI6Mjg0NzEsInVybCI6Imh0dHBzOlwvXC9pa29zdHVkaW8uaXRcL3dwLWNvbnRlbnRcL3VwbG9hZHNcLzIwMTVcLzA1XC9WZXRyYXRhLVNhbnRhLUNhdGVyaW5hLUFsZXNzYW5kcmlhLndlYnAifQ%3D%3D\">\n\t\t\t\t\t\t\t<img decoding=\"async\" width=\"636\" height=\"775\" src=\"https:\/\/ikostudio.it\/wp-content\/uploads\/2015\/05\/Vetrata-Santa-Caterina-Alessandria.webp\" class=\"attachment-large size-large wp-image-28471\" alt=\"Vidriera antigua Santa Caterina Alessandria\" \/>\t\t\t\t\t\t\t\t<\/a>\n\t\t\t\t\t\t\t\t\t\t\t\t\t\t\t<\/div>\n\t\t\t\t<\/div>\n\t\t\t\t<\/div>\n\t\t<div class=\"elementor-element elementor-element-67e49ae e-con-full e-flex e-con e-child\" data-id=\"67e49ae\" data-element_type=\"container\" data-e-type=\"container\">\n\t\t\t\t<div class=\"elementor-element elementor-element-e665513 elementor-widget elementor-widget-text-editor\" data-id=\"e665513\" data-element_type=\"widget\" data-e-type=\"widget\" data-widget_type=\"text-editor.default\">\n\t\t\t\t<div class=\"elementor-widget-container\">\n\t\t\t\t\t\t\t\t\t<ul>\n<li><strong>La Vidriera de Santa Catalina de Alejandr\u00eda:<\/strong><br \/>\nProbablemente dise\u00f1ada y supervisada por Foppa, esta vidriera representa a la santa con sus s\u00edmbolos tradicionales: la rueda y la palma del martirio. El marco de vidrio decorado, sin embargo, data del siglo XIX y es obra del vidriero milan\u00e9s <strong>Pompeo Bertini<\/strong>.<\/li>\n<\/ul>\n\t\t\t\t\t\t\t\t<\/div>\n\t\t\t\t<\/div>\n\t\t\t\t<\/div>\n\t\t\t\t\t<\/div>\n\t\t\t\t<\/div>\n\t\t<div class=\"elementor-element elementor-element-8e1e1e4 e-flex e-con-boxed e-con e-parent\" data-id=\"8e1e1e4\" data-element_type=\"container\" data-e-type=\"container\">\n\t\t\t\t\t<div class=\"e-con-inner\">\n\t\t<div class=\"elementor-element elementor-element-0a3f04c e-con-full e-flex e-con e-child\" data-id=\"0a3f04c\" data-element_type=\"container\" data-e-type=\"container\">\n\t\t\t\t<div class=\"elementor-element elementor-element-3514cd2 elementor-widget elementor-widget-text-editor\" data-id=\"3514cd2\" data-element_type=\"widget\" data-e-type=\"widget\" data-widget_type=\"text-editor.default\">\n\t\t\t\t<div class=\"elementor-widget-container\">\n\t\t\t\t\t\t\t\t\t<p><strong>La Vidriera de San Miguel<\/strong><br \/>\nDatada alrededor de 1475, esta vidriera fue realizada por Antonio da Pandino, un monje cisterciense y maestro de arte. La inscripci\u00f3n \u201cAntonius de Pandino me fecit\u201d confirma su autor\u00eda. El arc\u00e1ngel Miguel est\u00e1 representado con armadura, orgulloso y sereno, en el acto de derrotar a Satan\u00e1s, representado como un demonio alado y cornudo a sus pies. La balanza que sostiene simboliza el juicio de las almas. La vidriera utiliza una elegante combinaci\u00f3n de colores: el blanco iridiscente, el azul intenso del fondo y el amarillo brillante para los detalles arquitect\u00f3nicos y de la armadura.<\/p>\n\t\t\t\t\t\t\t\t<\/div>\n\t\t\t\t<\/div>\n\t\t\t\t<\/div>\n\t\t<div class=\"elementor-element elementor-element-93c0165 e-con-full e-flex e-con e-child\" data-id=\"93c0165\" data-element_type=\"container\" data-e-type=\"container\">\n\t\t\t\t<div class=\"elementor-element elementor-element-113a6a8 elementor-widget elementor-widget-image\" data-id=\"113a6a8\" data-element_type=\"widget\" data-e-type=\"widget\" data-widget_type=\"image.default\">\n\t\t\t\t<div class=\"elementor-widget-container\">\n\t\t\t\t\t\t\t\t\t\t\t\t\t\t\t<img decoding=\"async\" width=\"556\" height=\"750\" src=\"https:\/\/ikostudio.it\/wp-content\/uploads\/2015\/05\/Vetrate-della-Certosa-Si-Pavia-San-Michele-Arcangelo.webp\" class=\"attachment-large size-large wp-image-28506\" alt=\"Vidrieras de la Cartuja de Pav\u00eda San Miguel\" \/>\t\t\t\t\t\t\t\t\t\t\t\t\t\t\t<\/div>\n\t\t\t\t<\/div>\n\t\t\t\t<\/div>\n\t\t\t\t\t<\/div>\n\t\t\t\t<\/div>\n\t\t<div class=\"elementor-element elementor-element-909e912 e-flex e-con-boxed e-con e-parent\" data-id=\"909e912\" data-element_type=\"container\" data-e-type=\"container\">\n\t\t\t\t\t<div class=\"e-con-inner\">\n\t\t<div class=\"elementor-element elementor-element-425b074 e-con-full e-flex e-con e-child\" data-id=\"425b074\" data-element_type=\"container\" data-e-type=\"container\">\n\t\t\t\t<div class=\"elementor-element elementor-element-34b44c1 elementor-widget elementor-widget-text-editor\" data-id=\"34b44c1\" data-element_type=\"widget\" data-e-type=\"widget\" data-widget_type=\"text-editor.default\">\n\t\t\t\t<div class=\"elementor-widget-container\">\n\t\t\t\t\t\t\t\t\t<h4>La Vidriera de San Gervasio y San Protasio<\/h4>\n<p>Esta vidriera representa a los santos m\u00e1rtires gemelos de origen milan\u00e9s. Aunque el autor es desconocido, partes de la composici\u00f3n datan del siglo XIX. Algunos historiadores sugieren una conexi\u00f3n con una obra similar que fue destruida durante un incendio en la Catedral de Mil\u00e1n en 1906, atribuida a Agostino de Mottis, hijo de Cristoforo y hermano de Iacopino.<\/p>\n\t\t\t\t\t\t\t\t<\/div>\n\t\t\t\t<\/div>\n\t\t\t\t<\/div>\n\t\t<div class=\"elementor-element elementor-element-2a05623 e-con-full e-flex e-con e-child\" data-id=\"2a05623\" data-element_type=\"container\" data-e-type=\"container\">\n\t\t\t\t<div class=\"elementor-element elementor-element-4670ea7 elementor-widget elementor-widget-image\" data-id=\"4670ea7\" data-element_type=\"widget\" data-e-type=\"widget\" data-widget_type=\"image.default\">\n\t\t\t\t<div class=\"elementor-widget-container\">\n\t\t\t\t\t\t\t\t\t\t\t\t\t\t\t<img loading=\"lazy\" decoding=\"async\" width=\"730\" height=\"599\" src=\"https:\/\/ikostudio.it\/wp-content\/uploads\/2015\/05\/Vetrata-Medievale-Pavia.webp\" class=\"attachment-large size-large wp-image-28477\" alt=\"Vidrieras de la Edad Media en Italia\" \/>\t\t\t\t\t\t\t\t\t\t\t\t\t\t\t<\/div>\n\t\t\t\t<\/div>\n\t\t\t\t<\/div>\n\t\t\t\t\t<\/div>\n\t\t\t\t<\/div>\n\t\t<div class=\"elementor-element elementor-element-33c501e e-flex e-con-boxed e-con e-parent\" data-id=\"33c501e\" data-element_type=\"container\" data-e-type=\"container\">\n\t\t\t\t\t<div class=\"e-con-inner\">\n\t\t\t\t<div class=\"elementor-element elementor-element-edbe5bd elementor-widget elementor-widget-text-editor\" data-id=\"edbe5bd\" data-element_type=\"widget\" data-e-type=\"widget\" data-widget_type=\"text-editor.default\">\n\t\t\t\t<div class=\"elementor-widget-container\">\n\t\t\t\t\t\t\t\t\t<p>Las Vidrieras de la Cartuja de Pav\u00eda son un ejemplo extraordinario del arte del vidrio renacentista. Si eres un apasionado de la historia del arte te invitamos a visitar nuestra p\u00e1gina dedicada a la <a href=\"https:\/\/ikostudio.it\/es\/la-historia-del-vitralismo\/\">historia de las vidrieras art\u00edsticas<\/a>.<\/p>\n\t\t\t\t\t\t\t\t<\/div>\n\t\t\t\t<\/div>\n\t\t\t\t\t<\/div>\n\t\t\t\t<\/div>\n\t\t\t\t<\/div>\n\t\t","protected":false},"excerpt":{"rendered":"<p>Recientemente regres\u00e9 a Pav\u00eda, mi ciudad natal, y visit\u00e9 la Cartuja de Pav\u00eda siendo adulto y despu\u00e9s de a\u00f1os de trabajar en el campo de las vidrieras.<\/p>\n","protected":false},"author":3,"featured_media":1994,"comment_status":"open","ping_status":"closed","sticky":false,"template":"","format":"standard","meta":{"footnotes":""},"categories":[1226],"tags":[2944,2945,2934,2943,2946,2947],"class_list":["post-28520","post","type-post","status-publish","format-standard","has-post-thumbnail","hentry","category-blog-di-vetrate-artistiche","tag-cartuja-de-pavia","tag-pavia-es","tag-vidrieras-en-italia","tag-vidrieras-medievales","tag-visita-pavia","tag-vitrales-sacrados"],"_links":{"self":[{"href":"https:\/\/ikostudio.it\/es\/wp-json\/wp\/v2\/posts\/28520","targetHints":{"allow":["GET"]}}],"collection":[{"href":"https:\/\/ikostudio.it\/es\/wp-json\/wp\/v2\/posts"}],"about":[{"href":"https:\/\/ikostudio.it\/es\/wp-json\/wp\/v2\/types\/post"}],"author":[{"embeddable":true,"href":"https:\/\/ikostudio.it\/es\/wp-json\/wp\/v2\/users\/3"}],"replies":[{"embeddable":true,"href":"https:\/\/ikostudio.it\/es\/wp-json\/wp\/v2\/comments?post=28520"}],"version-history":[{"count":0,"href":"https:\/\/ikostudio.it\/es\/wp-json\/wp\/v2\/posts\/28520\/revisions"}],"wp:featuredmedia":[{"embeddable":true,"href":"https:\/\/ikostudio.it\/es\/wp-json\/wp\/v2\/media\/1994"}],"wp:attachment":[{"href":"https:\/\/ikostudio.it\/es\/wp-json\/wp\/v2\/media?parent=28520"}],"wp:term":[{"taxonomy":"category","embeddable":true,"href":"https:\/\/ikostudio.it\/es\/wp-json\/wp\/v2\/categories?post=28520"},{"taxonomy":"post_tag","embeddable":true,"href":"https:\/\/ikostudio.it\/es\/wp-json\/wp\/v2\/tags?post=28520"}],"curies":[{"name":"wp","href":"https:\/\/api.w.org\/{rel}","templated":true}]}}