{"id":27798,"date":"2024-11-26T17:00:42","date_gmt":"2024-11-26T17:00:42","guid":{"rendered":"https:\/\/ikostudio.it\/vidriera-artistica-sacra-con-paloma\/"},"modified":"2024-11-28T14:03:19","modified_gmt":"2024-11-28T14:03:19","slug":"vidriera-artistica-sacra-con-paloma","status":"publish","type":"post","link":"https:\/\/ikostudio.it\/es\/vidriera-artistica-sacra-con-paloma\/","title":{"rendered":"Vidriera art\u00edstica sacra con paloma"},"content":{"rendered":"\t\t<div data-elementor-type=\"wp-post\" data-elementor-id=\"27798\" class=\"elementor elementor-27798 elementor-27772\" data-elementor-post-type=\"post\">\n\t\t\t\t<div class=\"elementor-element elementor-element-ef4ed8c e-flex e-con-boxed e-con e-parent\" data-id=\"ef4ed8c\" data-element_type=\"container\" data-e-type=\"container\">\n\t\t\t\t\t<div class=\"e-con-inner\">\n\t\t\t\t<div class=\"elementor-element elementor-element-5f315f4 elementor-widget elementor-widget-text-editor\" data-id=\"5f315f4\" data-element_type=\"widget\" data-e-type=\"widget\" data-widget_type=\"text-editor.default\">\n\t\t\t\t<div class=\"elementor-widget-container\">\n\t\t\t\t\t\t\t\t\t<h2>Vidriera art\u00edstica sacra con paloma: s\u00edmbolo de luz y espiritualidad<\/h2>\n<p>La vidriera art\u00edstica sacra con paloma es una de las obras m\u00e1s apreciadas de IKO Studio, resultado de una larga tradici\u00f3n artesanal combinada con una visi\u00f3n moderna. Hace unos a\u00f1os, creamos un vitral muy similar con el Esp\u00edritu Santo para la capilla de un cementerio en Sicilia, inspirado en el <a href=\"https:\/\/es.dreamstime.com\/paloma-del-vitral-esp%C3%ADritu-santo-construido-por-gian-lorenzo-bernini-en-dentro-de-la-bas%C3%ADlica-st-petrs-image135015718\" target=\"_blank\" rel=\"noopener\">vitral art\u00edstico del \u00e1bside de San Pedro<\/a> en Roma. Eso <a href=\"https:\/\/ikostudio.it\/es\/vitral-con-el-espiritu-santo\/\" target=\"_blank\" rel=\"noopener\">vitral con el Espiritu Santo<\/a>, adem\u00e1s de cosechar un gran \u00e9xito, se convirti\u00f3 en una de las im\u00e1genes m\u00e1s vistas de nuestra p\u00e1gina web, hasta el punto de que inspir\u00f3 una nueva solicitud para una obra similar.<\/p>\n<p>Sin embargo, seg\u00fan nuestra filosof\u00eda, <strong>IKO Studio no realiza copias<\/strong>. Cada vidriera art\u00edstica est\u00e1 dise\u00f1ada para ser \u00fanica, respetando los deseos de quienes nos conf\u00edan un proyecto. Este enfoque no s\u00f3lo garantiza la exclusividad de nuestras obras, sino que mantiene viva nuestra pasi\u00f3n por el arte y la innovaci\u00f3n continua.<\/p>\n\t\t\t\t\t\t\t\t<\/div>\n\t\t\t\t<\/div>\n\t\t\t\t\t<\/div>\n\t\t\t\t<\/div>\n\t\t<div class=\"elementor-element elementor-element-525e1a0 e-flex e-con-boxed e-con e-parent\" data-id=\"525e1a0\" data-element_type=\"container\" data-e-type=\"container\">\n\t\t\t\t\t<div class=\"e-con-inner\">\n\t\t<div class=\"elementor-element elementor-element-ddfb048 e-con-full e-flex e-con e-child\" data-id=\"ddfb048\" data-element_type=\"container\" data-e-type=\"container\">\n\t\t\t\t<div class=\"elementor-element elementor-element-08e2e16 elementor-widget elementor-widget-image\" data-id=\"08e2e16\" data-element_type=\"widget\" data-e-type=\"widget\" data-widget_type=\"image.default\">\n\t\t\t\t<div class=\"elementor-widget-container\">\n\t\t\t\t\t\t\t\t\t\t\t\t<figure class=\"wp-caption\">\n\t\t\t\t\t\t\t\t\t\t<img fetchpriority=\"high\" decoding=\"async\" width=\"800\" height=\"601\" src=\"https:\/\/ikostudio.it\/wp-content\/uploads\/2024\/11\/Vetrata-Sacra-con-Colomba-Taglio-del-Vetro.webp\" class=\"attachment-large size-large wp-image-27779\" alt=\"Vidriera art\u00edstica sacra con paloma corte del vidrio\" \/>\t\t\t\t\t\t\t\t\t\t\t<figcaption class=\"widget-image-caption wp-caption-text\">El vidrio cortado<\/figcaption>\n\t\t\t\t\t\t\t\t\t\t<\/figure>\n\t\t\t\t\t\t\t\t\t<\/div>\n\t\t\t\t<\/div>\n\t\t\t\t<\/div>\n\t\t<div class=\"elementor-element elementor-element-a57098c e-con-full e-flex e-con e-child\" data-id=\"a57098c\" data-element_type=\"container\" data-e-type=\"container\">\n\t\t\t\t<div class=\"elementor-element elementor-element-f308196 elementor-widget elementor-widget-image\" data-id=\"f308196\" data-element_type=\"widget\" data-e-type=\"widget\" data-widget_type=\"image.default\">\n\t\t\t\t<div class=\"elementor-widget-container\">\n\t\t\t\t\t\t\t\t\t\t\t\t<figure class=\"wp-caption\">\n\t\t\t\t\t\t\t\t\t\t<img decoding=\"async\" width=\"800\" height=\"601\" src=\"https:\/\/ikostudio.it\/wp-content\/uploads\/2024\/11\/Vetrata-Sacra-con-Colomba-Pittura.webp\" class=\"attachment-large size-large wp-image-27782\" alt=\"Vidriera art\u00edstica sacra con paloma pintura\" \/>\t\t\t\t\t\t\t\t\t\t\t<figcaption class=\"widget-image-caption wp-caption-text\">Las primeras l\u00edneas de pintura.<\/figcaption>\n\t\t\t\t\t\t\t\t\t\t<\/figure>\n\t\t\t\t\t\t\t\t\t<\/div>\n\t\t\t\t<\/div>\n\t\t\t\t<\/div>\n\t\t\t\t\t<\/div>\n\t\t\t\t<\/div>\n\t\t<div class=\"elementor-element elementor-element-35f3fcc e-flex e-con-boxed e-con e-parent\" data-id=\"35f3fcc\" data-element_type=\"container\" data-e-type=\"container\">\n\t\t\t\t\t<div class=\"e-con-inner\">\n\t\t\t\t<div class=\"elementor-element elementor-element-fc3292c elementor-widget elementor-widget-text-editor\" data-id=\"fc3292c\" data-element_type=\"widget\" data-e-type=\"widget\" data-widget_type=\"text-editor.default\">\n\t\t\t\t<div class=\"elementor-widget-container\">\n\t\t\t\t\t\t\t\t\t<h2>Vidriera art\u00edstica sacra con paloma: los cambios<\/h2>\n<p>Para esta nueva vidriera art\u00edstica sacra con paloma, realizamos dos cambios significativos:<\/p>\n<ul>\n<li>Una cenefa decorativa en grisalla finamente pintada, a\u00f1adida en la parte central de la composici\u00f3n, que enriquece la estructura con elegantes detalles.<\/li>\n<li>Diferentes tonalidades para la paloma, obtenidas mezclando grisalla negra y azul. Esta combinaci\u00f3n, a diferencia del marr\u00f3n utilizado en la primera paloma, cre\u00f3 un efecto m\u00e1s iridiscente con tonos de azul y blanco, que dan brillo y profundidad al sujeto central.<\/li>\n<\/ul>\n\t\t\t\t\t\t\t\t<\/div>\n\t\t\t\t<\/div>\n\t\t\t\t\t<\/div>\n\t\t\t\t<\/div>\n\t\t<div class=\"elementor-element elementor-element-c377788 e-flex e-con-boxed e-con e-parent\" data-id=\"c377788\" data-element_type=\"container\" data-e-type=\"container\">\n\t\t\t\t\t<div class=\"e-con-inner\">\n\t\t\t\t<div class=\"elementor-element elementor-element-a3e9078 elementor-widget elementor-widget-text-editor\" data-id=\"a3e9078\" data-element_type=\"widget\" data-e-type=\"widget\" data-widget_type=\"text-editor.default\">\n\t\t\t\t<div class=\"elementor-widget-container\">\n\t\t\t\t\t\t\t\t\t<p>La paloma, s\u00edmbolo de la paz y del Esp\u00edritu Santo, domina la composici\u00f3n con gracia y armon\u00eda, inmersa en un aura de luz con matices de amarillo suave que se intensifican hacia el exterior, transform\u00e1ndose gradualmente en tonos c\u00e1lidos de naranja y rojo brillante.<\/p>\n<p>A diferencia de la primera vidriera art\u00edstica sacra con paloma, instalada en la capilla de un cementerio de Sicilia, este nuevo vitral se coloc\u00f3 en una capilla del cementerio situada en la Toscana, precisamente en Pistoia.<\/p>\n<p>Aunque este vidriera art\u00edstica sacra con paloma no es una copia fiel del primero, estamos orgullosos de haber logrado crear una obra que respeta las necesidades y gustos del nuevo cliente y es capaz de transmitir la misma sensaci\u00f3n de paz y armon\u00eda caracter\u00edstica. del Espiritu Santo.<\/p>\n\t\t\t\t\t\t\t\t<\/div>\n\t\t\t\t<\/div>\n\t\t\t\t\t<\/div>\n\t\t\t\t<\/div>\n\t\t<div class=\"elementor-element elementor-element-efee3ff e-flex e-con-boxed e-con e-parent\" data-id=\"efee3ff\" data-element_type=\"container\" data-e-type=\"container\">\n\t\t\t\t\t<div class=\"e-con-inner\">\n\t\t\t\t<div class=\"elementor-element elementor-element-225d740 elementor-widget__width-initial elementor-widget-tablet__width-initial animated-slow elementor-invisible elementor-widget elementor-widget-image\" data-id=\"225d740\" data-element_type=\"widget\" data-e-type=\"widget\" data-settings=\"{&quot;_animation&quot;:&quot;fadeInUp&quot;,&quot;_animation_mobile&quot;:&quot;none&quot;}\" data-widget_type=\"image.default\">\n\t\t\t\t<div class=\"elementor-widget-container\">\n\t\t\t\t\t\t\t\t\t\t\t\t\t\t\t\t<a href=\"https:\/\/ikostudio.it\/wp-content\/uploads\/2024\/11\/Vetrata-Sacra-con-Colomba.webp\" data-elementor-open-lightbox=\"yes\" data-elementor-lightbox-title=\"Vidriera art\u00edstica sacra con paloma\" data-e-action-hash=\"#elementor-action%3Aaction%3Dlightbox%26settings%3DeyJpZCI6Mjc3NzUsInVybCI6Imh0dHBzOlwvXC9pa29zdHVkaW8uaXRcL3dwLWNvbnRlbnRcL3VwbG9hZHNcLzIwMjRcLzExXC9WZXRyYXRhLVNhY3JhLWNvbi1Db2xvbWJhLndlYnAifQ%3D%3D\">\n\t\t\t\t\t\t\t<img decoding=\"async\" src=\"https:\/\/ikostudio.it\/wp-content\/uploads\/elementor\/thumbs\/Vetrata-Sacra-con-Colomba-rdte3yk01i9m2caovi9ivlsj5ri1cqphdj8r070dww.webp\" title=\"Vidriera art\u00edstica sacra con paloma\" alt=\"Vidriera art\u00edstica sacra con paloma\" class=\"elementor-animation-grow\" loading=\"lazy\" \/>\t\t\t\t\t\t\t\t<\/a>\n\t\t\t\t\t\t\t\t\t\t\t\t\t\t\t<\/div>\n\t\t\t\t<\/div>\n\t\t\t\t<div class=\"elementor-element elementor-element-86f3e1c animated-slow elementor-invisible elementor-widget elementor-widget-text-editor\" data-id=\"86f3e1c\" data-element_type=\"widget\" data-e-type=\"widget\" data-settings=\"{&quot;_animation&quot;:&quot;fadeInLeft&quot;,&quot;_animation_delay&quot;:900}\" data-widget_type=\"text-editor.default\">\n\t\t\t\t<div class=\"elementor-widget-container\">\n\t\t\t\t\t\t\t\t\t<p>Los vidrieras art\u00edsticas sacras de IKO Studio son obras \u00fanicas y originales que enriquecen cualquier ambiente desde una iglesia hasta una capilla privada.<\/p>\n<p>Si este vidriera art\u00edstica sacra con paloma te ha inspirado, descubre nuestra p\u00e1gina dedicada a las <a href=\"https:\/\/ikostudio.it\/es\/vitrales-artisticos-sacros\/\" target=\"_blank\" rel=\"noopener\">vidrieras art\u00edsticas sacras<\/a> y d\u00e9jate fascinar por nuestras otras creaciones. Estamos a tu disposici\u00f3n para dise\u00f1ar juntos una obra exclusiva que haga realidad tus deseos.<\/p>\n\t\t\t\t\t\t\t\t<\/div>\n\t\t\t\t<\/div>\n\t\t\t\t\t<\/div>\n\t\t\t\t<\/div>\n\t\t<div class=\"elementor-element elementor-element-d34bf94 e-flex e-con-boxed e-con e-parent\" data-id=\"d34bf94\" data-element_type=\"container\" data-e-type=\"container\">\n\t\t\t\t\t<div class=\"e-con-inner\">\n\t\t\t\t\t<\/div>\n\t\t\t\t<\/div>\n\t\t\t\t<\/div>\n\t\t","protected":false},"excerpt":{"rendered":"<p>Vidriera art\u00edstica sacra con paloma: s\u00edmbolo de luz y espiritualidad La vidriera art\u00edstica sacra con paloma es una de las obras m\u00e1s apreciadas de IKO Studio, resultado de una larga tradici\u00f3n artesanal combinada con una visi\u00f3n moderna. Hace unos a\u00f1os, creamos un vitral muy similar con el Esp\u00edritu Santo para la capilla de un cementerio [&hellip;]<\/p>\n","protected":false},"author":3,"featured_media":27827,"comment_status":"closed","ping_status":"closed","sticky":false,"template":"","format":"standard","meta":{"footnotes":""},"categories":[3],"tags":[],"class_list":["post-27798","post","type-post","status-publish","format-standard","has-post-thumbnail","hentry","category-sin-categorizar"],"_links":{"self":[{"href":"https:\/\/ikostudio.it\/es\/wp-json\/wp\/v2\/posts\/27798","targetHints":{"allow":["GET"]}}],"collection":[{"href":"https:\/\/ikostudio.it\/es\/wp-json\/wp\/v2\/posts"}],"about":[{"href":"https:\/\/ikostudio.it\/es\/wp-json\/wp\/v2\/types\/post"}],"author":[{"embeddable":true,"href":"https:\/\/ikostudio.it\/es\/wp-json\/wp\/v2\/users\/3"}],"replies":[{"embeddable":true,"href":"https:\/\/ikostudio.it\/es\/wp-json\/wp\/v2\/comments?post=27798"}],"version-history":[{"count":0,"href":"https:\/\/ikostudio.it\/es\/wp-json\/wp\/v2\/posts\/27798\/revisions"}],"wp:featuredmedia":[{"embeddable":true,"href":"https:\/\/ikostudio.it\/es\/wp-json\/wp\/v2\/media\/27827"}],"wp:attachment":[{"href":"https:\/\/ikostudio.it\/es\/wp-json\/wp\/v2\/media?parent=27798"}],"wp:term":[{"taxonomy":"category","embeddable":true,"href":"https:\/\/ikostudio.it\/es\/wp-json\/wp\/v2\/categories?post=27798"},{"taxonomy":"post_tag","embeddable":true,"href":"https:\/\/ikostudio.it\/es\/wp-json\/wp\/v2\/tags?post=27798"}],"curies":[{"name":"wp","href":"https:\/\/api.w.org\/{rel}","templated":true}]}}