{"id":24626,"date":"2024-10-17T16:48:01","date_gmt":"2024-10-17T16:48:01","guid":{"rendered":"https:\/\/ikostudio.it\/vitrales-artisticos-para-una-iglesia-en-africa\/"},"modified":"2024-12-28T16:22:10","modified_gmt":"2024-12-28T16:22:10","slug":"vitrales-religiosos-para-una-iglesia-en-africa","status":"publish","type":"post","link":"https:\/\/ikostudio.it\/es\/vitrales-religiosos-para-una-iglesia-en-africa\/","title":{"rendered":"Vitrales religiosos para una iglesia en \u00c1frica"},"content":{"rendered":"\t\t<div data-elementor-type=\"wp-post\" data-elementor-id=\"24626\" class=\"elementor elementor-24626 elementor-24568\" data-elementor-post-type=\"post\">\n\t\t\t\t<div class=\"elementor-element elementor-element-2cffd35 e-flex e-con-boxed e-con e-parent\" data-id=\"2cffd35\" data-element_type=\"container\" data-e-type=\"container\">\n\t\t\t\t\t<div class=\"e-con-inner\">\n\t\t\t\t<div class=\"elementor-element elementor-element-9f579d5 elementor-widget elementor-widget-text-editor\" data-id=\"9f579d5\" data-element_type=\"widget\" data-e-type=\"widget\" data-widget_type=\"text-editor.default\">\n\t\t\t\t<div class=\"elementor-widget-container\">\n\t\t\t\t\t\t\t\t\t<h1>Vitrales religiosos para una iglesia en \u00c1frica<\/h1>\n<p>A principios de a\u00f1o, estuvimos involucrados en el dise\u00f1o y creaci\u00f3n de un conjunto de cinco vitrales religiosos para una iglesia en \u00c1frica, espec\u00edficamente en Ruanda. El proyecto surgi\u00f3 a partir de una llamada telef\u00f3nica desde Estados Unidos, una conversaci\u00f3n inicial para conocernos, seguida de una serie de correos electr\u00f3nicos para planificar en detalle esta compleja realizaci\u00f3n.<\/p>\n<p>Adem\u00e1s de gestionar las fases de elaboraci\u00f3n del vidrio, el proyecto tambi\u00e9n requiri\u00f3 la instalaci\u00f3n de vitrales religiosos con doble acristalamiento, realizados con vidrio laminado de gran espesor. Tambi\u00e9n fue necesario prestar especial atenci\u00f3n al embalaje, dada la complejidad del env\u00edo por la distancia y el peso de las cajas de madera, as\u00ed como a los tr\u00e1mites burocr\u00e1ticos necesarios para la exportaci\u00f3n de estas obras de arte sacro.<\/p>\n<p>Los temas y dise\u00f1os de estos vitrales religiosos destinados a \u00c1frica fueron proporcionados por el cliente, dejando espacio para posibles cambios o interpretaciones. Las dimensiones de las ventanas eran casi todas similares: alrededor de un metro de ancho y dos metros de alto, a excepci\u00f3n de una, que fue colocada horizontalmente.<\/p>\n\t\t\t\t\t\t\t\t<\/div>\n\t\t\t\t<\/div>\n\t\t\t\t\t<\/div>\n\t\t\t\t<\/div>\n\t\t<div class=\"elementor-element elementor-element-0a73b7d e-flex e-con-boxed e-con e-parent\" data-id=\"0a73b7d\" data-element_type=\"container\" data-e-type=\"container\">\n\t\t\t\t\t<div class=\"e-con-inner\">\n\t\t\t\t<div class=\"elementor-element elementor-element-e805742 elementor-widget elementor-widget-text-editor\" data-id=\"e805742\" data-element_type=\"widget\" data-e-type=\"widget\" data-widget_type=\"text-editor.default\">\n\t\t\t\t<div class=\"elementor-widget-container\">\n\t\t\t\t\t\t\t\t\t<h2>Mar\u00eda Inmaculada<\/h2>\n<p>El primer vitral creado muestra a Mar\u00eda Inmaculada en una de sus representaciones m\u00e1s ic\u00f3nicas: de pie sobre un globo terrestre, mientras con su pie aplasta la cabeza de una serpiente, s\u00edmbolo de la victoria sobre el pecado y el mal. Este tema sagrado, profundamente arraigado en la tradici\u00f3n cristiana, recuerda la promesa de la redenci\u00f3n por la pureza y la gracia divina de la Virgen.<\/p>\n\t\t\t\t\t\t\t\t<\/div>\n\t\t\t\t<\/div>\n\t\t\t\t\t<\/div>\n\t\t\t\t<\/div>\n\t\t<div class=\"elementor-element elementor-element-8af2895 e-flex e-con-boxed e-con e-parent\" data-id=\"8af2895\" data-element_type=\"container\" data-e-type=\"container\">\n\t\t\t\t\t<div class=\"e-con-inner\">\n\t\t<div class=\"elementor-element elementor-element-1aad706 e-con-full e-flex e-con e-child\" data-id=\"1aad706\" data-element_type=\"container\" data-e-type=\"container\">\n\t\t\t\t<div class=\"elementor-element elementor-element-da1ee97 elementor-widget elementor-widget-text-editor\" data-id=\"da1ee97\" data-element_type=\"widget\" data-e-type=\"widget\" data-widget_type=\"text-editor.default\">\n\t\t\t\t<div class=\"elementor-widget-container\">\n\t\t\t\t\t\t\t\t\t<p>La imagen est\u00e1 llena de simbolismo: el globo sobre el que se encuentra la Virgen representa el mundo entero, mientras que la serpiente, a menudo asociada con el pecado original, es derrotada bajo su pie, en un gesto que simboliza su supremac\u00eda sobre el mal. El color predominante de este vitral es el azul, s\u00edmbolo de la pureza y de la realeza de Mar\u00eda.<br \/>\nDesde el punto de vista estil\u00edstico, este vitral destaca por su enfoque moderno. En comparaci\u00f3n con las otras obras encargadas para la misma iglesia, este presenta un dise\u00f1o minimalista, con l\u00edneas limpias y una representaci\u00f3n simplificada de los detalles pict\u00f3ricos. La elecci\u00f3n de un estilo m\u00e1s esencial no disminuye el impacto emocional de la obra, sino que lo amplifica, permitiendo que la luz natural juegue a trav\u00e9s del vidrio y cree una atm\u00f3sfera de profunda espiritualidad dentro de la iglesia.<\/p>\n\t\t\t\t\t\t\t\t<\/div>\n\t\t\t\t<\/div>\n\t\t\t\t<\/div>\n\t\t<div class=\"elementor-element elementor-element-cc96024 e-con-full e-flex e-con e-child\" data-id=\"cc96024\" data-element_type=\"container\" data-e-type=\"container\">\n\t\t\t\t<div class=\"elementor-element elementor-element-8c8c972 elementor-widget elementor-widget-image\" data-id=\"8c8c972\" data-element_type=\"widget\" data-e-type=\"widget\" data-widget_type=\"image.default\">\n\t\t\t\t<div class=\"elementor-widget-container\">\n\t\t\t\t\t\t\t\t\t\t\t\t\t\t\t\t<a href=\"https:\/\/ikostudio.it\/wp-content\/uploads\/2024\/10\/Maria-Immacolata-Vetrate-Artistiche-per-una-Chiesa-in-Africa.jpg\" data-elementor-open-lightbox=\"yes\" data-elementor-lightbox-title=\"Mar\u00eda Inmaculada Vitrales Para una Iglesia en \u00c1frica\" data-e-action-hash=\"#elementor-action%3Aaction%3Dlightbox%26settings%3DeyJpZCI6MjQ1NzUsInVybCI6Imh0dHBzOlwvXC9pa29zdHVkaW8uaXRcL3dwLWNvbnRlbnRcL3VwbG9hZHNcLzIwMjRcLzEwXC9NYXJpYS1JbW1hY29sYXRhLVZldHJhdGUtQXJ0aXN0aWNoZS1wZXItdW5hLUNoaWVzYS1pbi1BZnJpY2Eud2VicCJ9\">\n\t\t\t\t\t\t\t<img fetchpriority=\"high\" decoding=\"async\" width=\"452\" height=\"750\" src=\"https:\/\/ikostudio.it\/wp-content\/uploads\/2024\/10\/Maria-Immacolata-Vetrate-Artistiche-per-una-Chiesa-in-Africa.webp\" class=\"attachment-large size-large wp-image-24575\" alt=\"Mar\u00eda Inmaculada Vitrales Art\u00edsticos Sagrados \u00c1frica\" \/>\t\t\t\t\t\t\t\t<\/a>\n\t\t\t\t\t\t\t\t\t\t\t\t\t\t\t<\/div>\n\t\t\t\t<\/div>\n\t\t\t\t<\/div>\n\t\t\t\t\t<\/div>\n\t\t\t\t<\/div>\n\t\t<div class=\"elementor-element elementor-element-5c6a5e2 e-flex e-con-boxed e-con e-parent\" data-id=\"5c6a5e2\" data-element_type=\"container\" data-e-type=\"container\">\n\t\t\t\t\t<div class=\"e-con-inner\">\n\t\t\t\t<div class=\"elementor-element elementor-element-0744ddc elementor-widget elementor-widget-text-editor\" data-id=\"0744ddc\" data-element_type=\"widget\" data-e-type=\"widget\" data-widget_type=\"text-editor.default\">\n\t\t\t\t<div class=\"elementor-widget-container\">\n\t\t\t\t\t\t\t\t\t<h2>Jes\u00fas Misericordioso<\/h2>\n<p>La segunda obra de estos vitrales religiosos reproduce fielmente el famoso cuadro del artista Eugeniusz Kazimirowski, realizado siguiendo las instrucciones de Santa Mar\u00eda Faustina Kowalska. Fue la monja polaca quien recibi\u00f3, durante una de sus visiones m\u00edsticas, la imagen de <a href=\"https:\/\/es.wikipedia.org\/wiki\/Imagen_de_la_Divina_Misericordia\" target=\"_blank\" rel=\"noopener\">Jes\u00fas Misericordioso<\/a>. Una tarde, en su celda, sor Faustina vio aparecer a Cristo con la mano derecha levantada en se\u00f1al de bendici\u00f3n, mientras con la izquierda tocaba su pecho, del que emerg\u00edan dos grandes rayos.<\/p>\n\t\t\t\t\t\t\t\t<\/div>\n\t\t\t\t<\/div>\n\t\t\t\t\t<\/div>\n\t\t\t\t<\/div>\n\t\t<div class=\"elementor-element elementor-element-04b4f7a e-flex e-con-boxed e-con e-parent\" data-id=\"04b4f7a\" data-element_type=\"container\" data-e-type=\"container\">\n\t\t\t\t\t<div class=\"e-con-inner\">\n\t\t<div class=\"elementor-element elementor-element-ef743fb e-con-full e-flex e-con e-child\" data-id=\"ef743fb\" data-element_type=\"container\" data-e-type=\"container\">\n\t\t\t\t<div class=\"elementor-element elementor-element-c4674ec elementor-widget elementor-widget-text-editor\" data-id=\"c4674ec\" data-element_type=\"widget\" data-e-type=\"widget\" data-widget_type=\"text-editor.default\">\n\t\t\t\t<div class=\"elementor-widget-container\">\n\t\t\t\t\t\t\t\t\t<p>Durante la aparici\u00f3n, el Se\u00f1or le habl\u00f3, orden\u00e1ndole que pintara la imagen que estaba viendo, a\u00f1adiendo las palabras \u00abJes\u00fas, en Ti conf\u00edo\u00bb. Cristo revel\u00f3 a sor Faustina que esta imagen deb\u00eda ser venerada en todo el mundo como signo tangible de su divina misericordia.<br \/>\nDado que este vitral religioso estaba destinado a una iglesia en Ruanda, la escritura fue traducida al \u00abYezu ndakwizera\u00bb, que significa \u00abJes\u00fas, en Ti conf\u00edo\u00bb en el idioma ruand\u00e9s, y esta elecci\u00f3n ling\u00fc\u00edstica hace que la obra sea m\u00e1s accesible a la poblaci\u00f3n local.<br \/>\nEn nuestra obra, Jes\u00fas est\u00e1 rodeado de nubes que se extienden en diferentes tonos de azul. Estas nubes se abren suavemente detr\u00e1s de \u00e9l, creando un efecto de profundidad y movimiento que simboliza la presencia divina que envuelve a Cristo. La aureola de Jes\u00fas est\u00e1 hecha con rayos de esmalte amarillo transparente, sombreados con tonos de grisalla azul, que dan una sensaci\u00f3n de brillo y sacralidad.<\/p>\n\t\t\t\t\t\t\t\t<\/div>\n\t\t\t\t<\/div>\n\t\t\t\t<\/div>\n\t\t<div class=\"elementor-element elementor-element-c3c9f18 e-con-full e-flex e-con e-child\" data-id=\"c3c9f18\" data-element_type=\"container\" data-e-type=\"container\">\n\t\t\t\t<div class=\"elementor-element elementor-element-9bab05f elementor-widget elementor-widget-image\" data-id=\"9bab05f\" data-element_type=\"widget\" data-e-type=\"widget\" data-widget_type=\"image.default\">\n\t\t\t\t<div class=\"elementor-widget-container\">\n\t\t\t\t\t\t\t\t\t\t\t\t\t\t\t\t<a href=\"https:\/\/ikostudio.it\/wp-content\/uploads\/2024\/10\/Gesu-misericordioso-Vetrate-artistiche-Africa.jpg\" data-elementor-open-lightbox=\"yes\" data-elementor-lightbox-title=\"Vitral art\u00edstico Jes\u00fas Misericordioso\" data-e-action-hash=\"#elementor-action%3Aaction%3Dlightbox%26settings%3DeyJpZCI6MjQ1ODIsInVybCI6Imh0dHBzOlwvXC9pa29zdHVkaW8uaXRcL3dwLWNvbnRlbnRcL3VwbG9hZHNcLzIwMjRcLzEwXC9HZXN1LW1pc2VyaWNvcmRpb3NvLVZldHJhdGUtYXJ0aXN0aWNoZS1BZnJpY2Eud2VicCJ9\">\n\t\t\t\t\t\t\t<img decoding=\"async\" width=\"442\" height=\"750\" src=\"https:\/\/ikostudio.it\/wp-content\/uploads\/2024\/10\/Gesu-misericordioso-Vetrate-artistiche-Africa.webp\" class=\"attachment-large size-large wp-image-24582\" alt=\"Vitrale Art\u00edstico Sagrado Jes\u00fas Misericordioso\" \/>\t\t\t\t\t\t\t\t<\/a>\n\t\t\t\t\t\t\t\t\t\t\t\t\t\t\t<\/div>\n\t\t\t\t<\/div>\n\t\t\t\t<\/div>\n\t\t\t\t\t<\/div>\n\t\t\t\t<\/div>\n\t\t<div class=\"elementor-element elementor-element-04d3e3d e-flex e-con-boxed e-con e-parent\" data-id=\"04d3e3d\" data-element_type=\"container\" data-e-type=\"container\">\n\t\t\t\t\t<div class=\"e-con-inner\">\n\t\t\t\t<div class=\"elementor-element elementor-element-55f67b4 elementor-widget elementor-widget-text-editor\" data-id=\"55f67b4\" data-element_type=\"widget\" data-e-type=\"widget\" data-widget_type=\"text-editor.default\">\n\t\t\t\t<div class=\"elementor-widget-container\">\n\t\t\t\t\t\t\t\t\t<h2>Virgen Coronada<\/h2>\n<p>Este vitral representa a la Virgen arrodillada, inmersa en una atm\u00f3sfera de profunda sacralidad y serenidad. Con las manos juntas en oraci\u00f3n, la Virgen se encuentra sobre una suave extensi\u00f3n de nubes, realizadas con vidrio soplado que va del gris al azul, dando a la obra una sensaci\u00f3n de ligereza y trascendencia. Las nubes, suaves y vaporosas, casi parecen elevar a la Virgen hacia el cielo, evocando su \u00edntima conexi\u00f3n con lo divino.<\/p>\n\t\t\t\t\t\t\t\t<\/div>\n\t\t\t\t<\/div>\n\t\t\t\t\t<\/div>\n\t\t\t\t<\/div>\n\t\t<div class=\"elementor-element elementor-element-7285caa e-flex e-con-boxed e-con e-parent\" data-id=\"7285caa\" data-element_type=\"container\" data-e-type=\"container\">\n\t\t\t\t\t<div class=\"e-con-inner\">\n\t\t<div class=\"elementor-element elementor-element-356b838 e-con-full e-flex e-con e-child\" data-id=\"356b838\" data-element_type=\"container\" data-e-type=\"container\">\n\t\t\t\t<div class=\"elementor-element elementor-element-3a315f4 elementor-widget elementor-widget-text-editor\" data-id=\"3a315f4\" data-element_type=\"widget\" data-e-type=\"widget\" data-widget_type=\"text-editor.default\">\n\t\t\t\t<div class=\"elementor-widget-container\">\n\t\t\t\t\t\t\t\t\t<p>Su cabeza est\u00e1 cubierta por un velo de color blanco puro, mientras que la Virgen viste un manto de color azul intenso y una t\u00fanica rosa que matiza con grisalla naranja.<br \/>\nSobre la cabeza de la Virgen se encuentra un halo brillante, de estilo m\u00e1s moderno, adornado con un gran resplandor solar que irradia luz divina en todas direcciones. Los rayos, pintados con tonos de grisalla sobre vidrio de diferente intensidad de amarillo, representan la gracia y la protecci\u00f3n divina.<br \/>\nPara completar su figura, la Virgen lleva una corona de oro finamente pintada y adornada con perlas, rub\u00edes y esmeraldas colocadas en el centro del halo.<\/p>\n\t\t\t\t\t\t\t\t<\/div>\n\t\t\t\t<\/div>\n\t\t\t\t<\/div>\n\t\t<div class=\"elementor-element elementor-element-914eb30 e-con-full e-flex e-con e-child\" data-id=\"914eb30\" data-element_type=\"container\" data-e-type=\"container\">\n\t\t\t\t<div class=\"elementor-element elementor-element-45e5769 elementor-widget elementor-widget-image\" data-id=\"45e5769\" data-element_type=\"widget\" data-e-type=\"widget\" data-widget_type=\"image.default\">\n\t\t\t\t<div class=\"elementor-widget-container\">\n\t\t\t\t\t\t\t\t\t\t\t\t\t\t\t\t<a href=\"https:\/\/ikostudio.it\/wp-content\/uploads\/2024\/10\/Vergine-Incoronata-Vetrate-Artistiche-per-una-Chiesa-in-Africa.jpg\" data-elementor-open-lightbox=\"yes\" data-elementor-lightbox-title=\"Vitral Virgen Coronada\" data-e-action-hash=\"#elementor-action%3Aaction%3Dlightbox%26settings%3DeyJpZCI6MjQ1OTAsInVybCI6Imh0dHBzOlwvXC9pa29zdHVkaW8uaXRcL3dwLWNvbnRlbnRcL3VwbG9hZHNcLzIwMjRcLzEwXC9WZXJnaW5lLUluY29yb25hdGEtVmV0cmF0ZS1BcnRpc3RpY2hlLXBlci11bmEtQ2hpZXNhLWluLUFmcmljYS53ZWJwIn0%3D\">\n\t\t\t\t\t\t\t<img decoding=\"async\" width=\"634\" height=\"1024\" src=\"https:\/\/ikostudio.it\/wp-content\/uploads\/2024\/10\/Vergine-Incoronata-Vetrate-Artistiche-per-una-Chiesa-in-Africa-634x1024.jpg\" class=\"attachment-large size-large wp-image-24590\" alt=\"Vitrale Art\u00edstico Sagrado Virgen Coronada\" srcset=\"https:\/\/ikostudio.it\/wp-content\/uploads\/2024\/10\/Vergine-Incoronata-Vetrate-Artistiche-per-una-Chiesa-in-Africa-634x1024.jpg 634w, https:\/\/ikostudio.it\/wp-content\/uploads\/2024\/10\/Vergine-Incoronata-Vetrate-Artistiche-per-una-Chiesa-in-Africa-186x300.jpg 186w, https:\/\/ikostudio.it\/wp-content\/uploads\/2024\/10\/Vergine-Incoronata-Vetrate-Artistiche-per-una-Chiesa-in-Africa.jpg 750w\" sizes=\"(max-width: 634px) 100vw, 634px\" \/>\t\t\t\t\t\t\t\t<\/a>\n\t\t\t\t\t\t\t\t\t\t\t\t\t\t\t<\/div>\n\t\t\t\t<\/div>\n\t\t\t\t<\/div>\n\t\t\t\t\t<\/div>\n\t\t\t\t<\/div>\n\t\t<div class=\"elementor-element elementor-element-760f510 e-flex e-con-boxed e-con e-parent\" data-id=\"760f510\" data-element_type=\"container\" data-e-type=\"container\">\n\t\t\t\t\t<div class=\"e-con-inner\">\n\t\t\t\t<div class=\"elementor-element elementor-element-724588c elementor-widget elementor-widget-text-editor\" data-id=\"724588c\" data-element_type=\"widget\" data-e-type=\"widget\" data-widget_type=\"text-editor.default\">\n\t\t\t\t<div class=\"elementor-widget-container\">\n\t\t\t\t\t\t\t\t\t<h2>Crucifixi\u00f3n<\/h2>\n<p>Y aqu\u00ed est\u00e1 nuestra crucifixi\u00f3n, basada en la imagen enviada por el cliente de un peque\u00f1o panel medieval, parte de una gran vidriera cuya procedencia se desconoce.<br \/>\nLa escena central de la Crucifixi\u00f3n est\u00e1 encerrada dentro de un marco dorado con forma de almendra, un elemento muy utilizado en el arte medieval. La parte inferior de la ventana est\u00e1 adornada con ornamentos g\u00f3ticos finamente pintados, que incluyen detalles refinados y delicados, propios del arte sacro de la \u00e9poca. En las esquinas de la ventana se pueden ver cuatro peque\u00f1os rostros estilizados que, con la lengua fuera, a\u00f1aden un toque l\u00fadico, un elemento t\u00edpico del humor medieval.<\/p>\n\t\t\t\t\t\t\t\t<\/div>\n\t\t\t\t<\/div>\n\t\t\t\t\t<\/div>\n\t\t\t\t<\/div>\n\t\t<div class=\"elementor-element elementor-element-35b4854 e-flex e-con-boxed e-con e-parent\" data-id=\"35b4854\" data-element_type=\"container\" data-e-type=\"container\">\n\t\t\t\t\t<div class=\"e-con-inner\">\n\t\t<div class=\"elementor-element elementor-element-3097c2d e-con-full e-flex e-con e-child\" data-id=\"3097c2d\" data-element_type=\"container\" data-e-type=\"container\">\n\t\t\t\t<div class=\"elementor-element elementor-element-3be6f29 elementor-widget elementor-widget-text-editor\" data-id=\"3be6f29\" data-element_type=\"widget\" data-e-type=\"widget\" data-widget_type=\"text-editor.default\">\n\t\t\t\t<div class=\"elementor-widget-container\">\n\t\t\t\t\t\t\t\t\t<p>En el centro se representa el cuerpo de Cristo de forma sobria, con postura r\u00edgida y proporciones deliberadamente idealizadas, reflejando el estilo de las representaciones de la \u00e9poca. A los lados de la cruz, las figuras igualmente estilizadas de Mar\u00eda y Juan: Mar\u00eda, representada con la cabeza inclinada y el rostro lleno de sufrimiento, mientras que Juan, con las manos entrelazadas, acompa\u00f1a a Cristo en su sacrificio.<br \/>\nLa parte inferior de la ventana est\u00e1 enriquecida por un hermoso paisaje medieval, que a\u00f1ade un nivel adicional de significado a la escena; en el pueblo, al pie de una cadena monta\u00f1osa, se puede ver una iglesia que predice el advenimiento del cristianismo.<br \/>\nEsta crucifixi\u00f3n, con sus detalles y ornamentos g\u00f3ticos, es una obra que transforma el espacio en el que se ubica, otorg\u00e1ndole una belleza sagrada atemporal y una profunda espiritualidad.<\/p>\n\t\t\t\t\t\t\t\t<\/div>\n\t\t\t\t<\/div>\n\t\t\t\t<\/div>\n\t\t<div class=\"elementor-element elementor-element-9be3102 e-con-full e-flex e-con e-child\" data-id=\"9be3102\" data-element_type=\"container\" data-e-type=\"container\">\n\t\t\t\t<div class=\"elementor-element elementor-element-050d987 elementor-widget elementor-widget-image\" data-id=\"050d987\" data-element_type=\"widget\" data-e-type=\"widget\" data-widget_type=\"image.default\">\n\t\t\t\t<div class=\"elementor-widget-container\">\n\t\t\t\t\t\t\t\t\t\t\t\t\t\t\t\t<a href=\"https:\/\/ikostudio.it\/wp-content\/uploads\/2024\/10\/Crocifissione-Vetrate-artistiche-per-una-chiesa-in-Africa.jpg\" data-elementor-open-lightbox=\"yes\" data-elementor-lightbox-title=\"Crucifixi\u00f3n Vitrales Para una Iglesia en \u00c1frica\" data-e-action-hash=\"#elementor-action%3Aaction%3Dlightbox%26settings%3DeyJpZCI6MjQ1OTYsInVybCI6Imh0dHBzOlwvXC9pa29zdHVkaW8uaXRcL3dwLWNvbnRlbnRcL3VwbG9hZHNcLzIwMjRcLzEwXC9Dcm9jaWZpc3Npb25lLVZldHJhdGUtYXJ0aXN0aWNoZS1wZXItdW5hLWNoaWVzYS1pbi1BZnJpY2Eud2VicCJ9\">\n\t\t\t\t\t\t\t<img loading=\"lazy\" decoding=\"async\" width=\"468\" height=\"750\" src=\"https:\/\/ikostudio.it\/wp-content\/uploads\/2024\/10\/Crocifissione-Vetrate-artistiche-per-una-chiesa-in-Africa.webp\" class=\"attachment-large size-large wp-image-24596\" alt=\"Vitral Art\u00edstico Sagrado Crucifixi\u00f3n Para una Iglesia en \u00c1frica\" \/>\t\t\t\t\t\t\t\t<\/a>\n\t\t\t\t\t\t\t\t\t\t\t\t\t\t\t<\/div>\n\t\t\t\t<\/div>\n\t\t\t\t<\/div>\n\t\t\t\t\t<\/div>\n\t\t\t\t<\/div>\n\t\t<div class=\"elementor-element elementor-element-a19db16 e-flex e-con-boxed e-con e-parent\" data-id=\"a19db16\" data-element_type=\"container\" data-e-type=\"container\">\n\t\t\t\t\t<div class=\"e-con-inner\">\n\t\t\t\t<div class=\"elementor-element elementor-element-36ee3eb elementor-widget elementor-widget-text-editor\" data-id=\"36ee3eb\" data-element_type=\"widget\" data-e-type=\"widget\" data-widget_type=\"text-editor.default\">\n\t\t\t\t<div class=\"elementor-widget-container\">\n\t\t\t\t\t\t\t\t\t<h2>\u00daltima Cena: La obra maestra de Leonardo<\/h2>\n<p>La \u00faltima obra de este conjunto de vitrales religiosos, adem\u00e1s de la m\u00e1s desafiante, fue una copia de la \u00daltima Cena de Leonardo da Vinci, traducida a la t\u00e9cnica del vitral. Este proyecto present\u00f3 desaf\u00edos considerables, tanto por la complejidad de la obra original como por las dificultades t\u00e9cnicas asociadas con su transposici\u00f3n al vidrio.<\/p>\n<p>La situaci\u00f3n se complic\u00f3 a\u00fan m\u00e1s por el tama\u00f1o m\u00e1s peque\u00f1o de la ventana en comparaci\u00f3n con el original: la \u00daltima Cena de Leonardo mide casi nueve metros de ancho, mientras que nuestra ventana s\u00f3lo ten\u00eda dos metros y diez cent\u00edmetros. Esta discrepancia requiri\u00f3 cortes extremadamente complejos y el uso de peque\u00f1as baldosas de vidrio, que deb\u00edan cortarse y pulirse con gran precisi\u00f3n. Fue necesario asegurar el uso de mina muy fina para delinear las figuras, sin dejar grietas imperdonables entre la mina y el vidrio.<\/p>\n<p>Desde el punto de vista pict\u00f3rico, hubo que interpretar algunas partes de la \u00daltima Cena, ya que el original ha sufrido da\u00f1os considerables con el tiempo y casi ha desaparecido. Afortunadamente, pude hacer referencia a la copia realizada por <a href=\"https:\/\/artsandculture.google.com\/story\/IQWBB2AzvHUmKQ?hl=es\" target=\"_blank\" rel=\"noopener\">Giovanni Antonio Boltraffio<\/a> en 1520, una obra al \u00f3leo sobre lienzo conservada en el Magdalene College de Oxford, Reino Unido. Esta pintura fue de gran ayuda para reconstruir detalles perdidos de la obra maestra de Leonardo.<\/p>\n<p>Varios artistas han intentado crear vidrieras art\u00edsticas inspiradas en la \u00daltima Cena, pero nadie hab\u00eda creado nunca una versi\u00f3n de s\u00f3lo dos metros cuadrados. En el Museo Bernardini Fatti della Vetrata Antica de Sansepolcro se expone una vidriera de 40 metros cuadrados, creada en 1924 por el taller Moretti Caselli de Perugia, que atestigua el tama\u00f1o y la importancia de este tipo de obras.<br \/>\nEl trabajo, a pesar de ser extremadamente desafiante, fue igualmente apasionante. Cada paso del proceso, desde la elecci\u00f3n de los colores del vidrio hasta la meticulosa atenci\u00f3n al detalle, requiri\u00f3 concentraci\u00f3n constante y artesan\u00eda refinada. Para este trabajo, tuvimos el placer de contar con el apoyo de L\u00e9a, una becaria enviada por una escuela francesa para practicar. Su pasi\u00f3n y dedicaci\u00f3n fueron de gran ayuda.<\/p>\n\t\t\t\t\t\t\t\t<\/div>\n\t\t\t\t<\/div>\n\t\t\t\t<div class=\"elementor-element elementor-element-978a76e elementor-widget elementor-widget-image\" data-id=\"978a76e\" data-element_type=\"widget\" data-e-type=\"widget\" data-widget_type=\"image.default\">\n\t\t\t\t<div class=\"elementor-widget-container\">\n\t\t\t\t\t\t\t\t\t\t\t\t\t\t\t\t<a href=\"https:\/\/ikostudio.it\/wp-content\/uploads\/2024\/10\/Vetrata-Artistica-Ultima-Cena-Leonardo.jpg\" data-elementor-open-lightbox=\"yes\" data-elementor-lightbox-title=\"Vitral \u00daltima Cena Leonardo\" data-e-action-hash=\"#elementor-action%3Aaction%3Dlightbox%26settings%3DeyJpZCI6MjQ2MDQsInVybCI6Imh0dHBzOlwvXC9pa29zdHVkaW8uaXRcL3dwLWNvbnRlbnRcL3VwbG9hZHNcLzIwMjRcLzEwXC9WZXRyYXRhLUFydGlzdGljYS1VbHRpbWEtQ2VuYS1MZW9uYXJkby53ZWJwIn0%3D\">\n\t\t\t\t\t\t\t<img loading=\"lazy\" decoding=\"async\" width=\"800\" height=\"487\" src=\"https:\/\/ikostudio.it\/wp-content\/uploads\/2024\/10\/Vetrata-Artistica-Ultima-Cena-Leonardo.webp\" class=\"attachment-large size-large wp-image-24604\" alt=\"Vitral Art\u00edstico Sagrado \u00daltima Cena Leonardo\" \/>\t\t\t\t\t\t\t\t<\/a>\n\t\t\t\t\t\t\t\t\t\t\t\t\t\t\t<\/div>\n\t\t\t\t<\/div>\n\t\t\t\t\t<\/div>\n\t\t\t\t<\/div>\n\t\t<div class=\"elementor-element elementor-element-6765ca4 e-flex e-con-boxed e-con e-parent\" data-id=\"6765ca4\" data-element_type=\"container\" data-e-type=\"container\">\n\t\t\t\t\t<div class=\"e-con-inner\">\n\t\t\t\t<div class=\"elementor-element elementor-element-81e690a elementor-widget elementor-widget-text-editor\" data-id=\"81e690a\" data-element_type=\"widget\" data-e-type=\"widget\" data-widget_type=\"text-editor.default\">\n\t\t\t\t<div class=\"elementor-widget-container\">\n\t\t\t\t\t\t\t\t\t<p>La creaci\u00f3n de estas vitrales religiosos para una iglesia en \u00c1frica fue una experiencia que nos conmovi\u00f3 profundamente, no s\u00f3lo desde el punto de vista art\u00edstico, sino tambi\u00e9n desde el punto de vista humano. Este proyecto nos llev\u00f3 a un pa\u00eds marcado por una historia dolorosa, la del genocidio de 1994, una tragedia que dej\u00f3 profundas cicatrices en el coraz\u00f3n de la humanidad.<br \/>\nSomos conscientes de que, en un contexto de gran pobreza, estas obras tendr\u00e1n un profundo impacto, ofreciendo a la comunidad un espacio de paz y congregaci\u00f3n.<\/p>\n<p>Si ha apreciado nuestros vitrales religiosos para una iglesia en \u00c1frica, descubra m\u00e1s sobre los <a href=\"https:\/\/ikostudio.it\/es\/vitrales-artisticos-sacros\/\" target=\"_blank\" rel=\"noopener\">vitrales art\u00edsticos sagrados<\/a> de IKO Studio, obras que aportan belleza y espiritualidad a lugares de culto en todo el mundo.<\/p>\n\t\t\t\t\t\t\t\t<\/div>\n\t\t\t\t<\/div>\n\t\t\t\t\t<\/div>\n\t\t\t\t<\/div>\n\t\t\t\t<\/div>\n\t\t","protected":false},"excerpt":{"rendered":"<p>Vitrales religiosos para una iglesia en \u00c1frica A principios de a\u00f1o, estuvimos involucrados en el dise\u00f1o y creaci\u00f3n de un conjunto de cinco vitrales religiosos para una iglesia en \u00c1frica, espec\u00edficamente en Ruanda. El proyecto surgi\u00f3 a partir de una llamada telef\u00f3nica desde Estados Unidos, una conversaci\u00f3n inicial para conocernos, seguida de una serie de [&hellip;]<\/p>\n","protected":false},"author":3,"featured_media":24571,"comment_status":"closed","ping_status":"closed","sticky":false,"template":"","format":"standard","meta":{"footnotes":""},"categories":[1226],"tags":[],"class_list":["post-24626","post","type-post","status-publish","format-standard","has-post-thumbnail","hentry","category-blog-di-vetrate-artistiche"],"_links":{"self":[{"href":"https:\/\/ikostudio.it\/es\/wp-json\/wp\/v2\/posts\/24626","targetHints":{"allow":["GET"]}}],"collection":[{"href":"https:\/\/ikostudio.it\/es\/wp-json\/wp\/v2\/posts"}],"about":[{"href":"https:\/\/ikostudio.it\/es\/wp-json\/wp\/v2\/types\/post"}],"author":[{"embeddable":true,"href":"https:\/\/ikostudio.it\/es\/wp-json\/wp\/v2\/users\/3"}],"replies":[{"embeddable":true,"href":"https:\/\/ikostudio.it\/es\/wp-json\/wp\/v2\/comments?post=24626"}],"version-history":[{"count":0,"href":"https:\/\/ikostudio.it\/es\/wp-json\/wp\/v2\/posts\/24626\/revisions"}],"wp:featuredmedia":[{"embeddable":true,"href":"https:\/\/ikostudio.it\/es\/wp-json\/wp\/v2\/media\/24571"}],"wp:attachment":[{"href":"https:\/\/ikostudio.it\/es\/wp-json\/wp\/v2\/media?parent=24626"}],"wp:term":[{"taxonomy":"category","embeddable":true,"href":"https:\/\/ikostudio.it\/es\/wp-json\/wp\/v2\/categories?post=24626"},{"taxonomy":"post_tag","embeddable":true,"href":"https:\/\/ikostudio.it\/es\/wp-json\/wp\/v2\/tags?post=24626"}],"curies":[{"name":"wp","href":"https:\/\/api.w.org\/{rel}","templated":true}]}}