{"id":24288,"date":"2023-11-16T17:29:57","date_gmt":"2023-11-16T17:29:57","guid":{"rendered":"https:\/\/ikostudio.it\/vitral-artistico-con-caballo\/"},"modified":"2024-06-08T11:30:13","modified_gmt":"2024-06-08T11:30:13","slug":"vitral-artistico-con-caballo","status":"publish","type":"post","link":"https:\/\/ikostudio.it\/es\/vitral-artistico-con-caballo\/","title":{"rendered":"Vitral art\u00edstico con caballo"},"content":{"rendered":"\t\t<div data-elementor-type=\"wp-post\" data-elementor-id=\"24288\" class=\"elementor elementor-24288 elementor-24267\" data-elementor-post-type=\"post\">\n\t\t\t\t<div class=\"elementor-element elementor-element-0f1a513 e-flex e-con-boxed e-con e-parent\" data-id=\"0f1a513\" data-element_type=\"container\" data-e-type=\"container\">\n\t\t\t\t\t<div class=\"e-con-inner\">\n\t\t\t\t<div class=\"elementor-element elementor-element-8056890 elementor-widget elementor-widget-text-editor\" data-id=\"8056890\" data-element_type=\"widget\" data-e-type=\"widget\" data-widget_type=\"text-editor.default\">\n\t\t\t\t<div class=\"elementor-widget-container\">\n\t\t\t\t\t\t\t\t\t<h1>Vitral art\u00edstico con caballo<\/h1>\n<p>En este art\u00edculo presentamos un vitral art\u00edstico con caballo creado recientemente y exclusivamente por pasi\u00f3n.<\/p>\n\t\t\t\t\t\t\t\t<\/div>\n\t\t\t\t<\/div>\n\t\t\t\t\t<\/div>\n\t\t\t\t<\/div>\n\t\t<div class=\"elementor-element elementor-element-2fc0eed e-flex e-con-boxed e-con e-parent\" data-id=\"2fc0eed\" data-element_type=\"container\" data-e-type=\"container\">\n\t\t\t\t\t<div class=\"e-con-inner\">\n\t\t<div class=\"elementor-element elementor-element-4247199 e-con-full e-flex e-con e-child\" data-id=\"4247199\" data-element_type=\"container\" data-e-type=\"container\">\n\t\t\t\t<div class=\"elementor-element elementor-element-1e8c223 elementor-widget elementor-widget-image\" data-id=\"1e8c223\" data-element_type=\"widget\" data-e-type=\"widget\" data-widget_type=\"image.default\">\n\t\t\t\t<div class=\"elementor-widget-container\">\n\t\t\t\t\t\t\t\t\t\t\t\t\t\t\t<img fetchpriority=\"high\" decoding=\"async\" width=\"635\" height=\"750\" src=\"https:\/\/ikostudio.it\/wp-content\/uploads\/2023\/11\/Quadro-Napoleone-a-cavallo-1.webp\" class=\"attachment-large size-large wp-image-24278\" alt=\"Pintura de Napole\u00f3n a caballo\" \/>\t\t\t\t\t\t\t\t\t\t\t\t\t\t\t<\/div>\n\t\t\t\t<\/div>\n\t\t\t\t<\/div>\n\t\t<div class=\"elementor-element elementor-element-6be3f00 e-con-full e-flex e-con e-child\" data-id=\"6be3f00\" data-element_type=\"container\" data-e-type=\"container\">\n\t\t\t\t<div class=\"elementor-element elementor-element-f0838b8 elementor-widget elementor-widget-text-editor\" data-id=\"f0838b8\" data-element_type=\"widget\" data-e-type=\"widget\" data-widget_type=\"text-editor.default\">\n\t\t\t\t<div class=\"elementor-widget-container\">\n\t\t\t\t\t\t\t\t\t<p>Los animales siempre han sido fuentes de inspiraci\u00f3n en el arte, pero sin duda el animal m\u00e1s representado fue el caballo, ya sea por su importancia como medio de transporte o como eficaz instrumento de batalla.<\/p>\n<p>Con la revoluci\u00f3n industrial y la llegada del autom\u00f3vil, el caballo perdi\u00f3 importancia pero sigui\u00f3 siendo uno de los animales m\u00e1s admirados por su fuerza y elegancia.<\/p>\n<p>Numerosos artistas han intentado la representaci\u00f3n del caballo, desde los autores an\u00f3nimos de las pinturas rupestres, pasando por Caravaggio en la <a href=\"https:\/\/es.wikipedia.org\/wiki\/La_conversi%C3%B3n_de_San_Pablo_en_el_camino_a_Damasco\" target=\"_blank\" rel=\"noopener\">Conversi\u00f3n de San Pablo<\/a>, hasta Jacques-Louis David en el famoso retrato de Napole\u00f3n.<\/p>\n\t\t\t\t\t\t\t\t<\/div>\n\t\t\t\t<\/div>\n\t\t\t\t<\/div>\n\t\t\t\t\t<\/div>\n\t\t\t\t<\/div>\n\t\t<div class=\"elementor-element elementor-element-5332fa6 e-flex e-con-boxed e-con e-parent\" data-id=\"5332fa6\" data-element_type=\"container\" data-e-type=\"container\">\n\t\t\t\t\t<div class=\"e-con-inner\">\n\t\t\t\t<div class=\"elementor-element elementor-element-c7e6dba elementor-widget elementor-widget-text-editor\" data-id=\"c7e6dba\" data-element_type=\"widget\" data-e-type=\"widget\" data-widget_type=\"text-editor.default\">\n\t\t\t\t<div class=\"elementor-widget-container\">\n\t\t\t\t\t\t\t\t\t<p>Tuve la oportunidad de conocer mejor a los caballos con clases de equitaci\u00f3n hace unos a\u00f1os y fue una de las experiencias m\u00e1s hermosas de mi vida, as\u00ed que en un momento libre entre un encargo y otro decid\u00ed comprometerme a pintar este vitral con caballo.<\/p>\n<p>Para este retrato de caballo eleg\u00ed una fotograf\u00eda muy detallada para poder pintar los mejores detalles no s\u00f3lo del animal sino tambi\u00e9n de las riendas y el cabecero.<\/p>\n<p>En este video muestro el delicado proceso de creaci\u00f3n de sombras con la t\u00e9cnica de grisalla. Este trabajo requerir\u00e1 varias veladuras de pintura y varias pasadas en el horno.<\/p>\n\t\t\t\t\t\t\t\t<\/div>\n\t\t\t\t<\/div>\n\t\t\t\t\t<\/div>\n\t\t\t\t<\/div>\n\t\t<div class=\"elementor-element elementor-element-0d08011 e-flex e-con-boxed e-con e-parent\" data-id=\"0d08011\" data-element_type=\"container\" data-e-type=\"container\">\n\t\t\t\t\t<div class=\"e-con-inner\">\n\t\t\t\t<div class=\"elementor-element elementor-element-e5e8897 elementor-widget__width-initial elementor-widget elementor-widget-video\" data-id=\"e5e8897\" data-element_type=\"widget\" data-e-type=\"widget\" data-settings=\"{&quot;youtube_url&quot;:&quot;https:\\\/\\\/youtu.be\\\/_dnMnc3V2Z4&quot;,&quot;video_type&quot;:&quot;youtube&quot;,&quot;controls&quot;:&quot;yes&quot;}\" data-widget_type=\"video.default\">\n\t\t\t\t<div class=\"elementor-widget-container\">\n\t\t\t\t\t\t\t<div class=\"elementor-wrapper elementor-open-inline\">\n\t\t\t<div class=\"elementor-video\"><\/div>\t\t<\/div>\n\t\t\t\t\t\t<\/div>\n\t\t\t\t<\/div>\n\t\t\t\t\t<\/div>\n\t\t\t\t<\/div>\n\t\t<div class=\"elementor-element elementor-element-2d9f691 e-flex e-con-boxed e-con e-parent\" data-id=\"2d9f691\" data-element_type=\"container\" data-e-type=\"container\">\n\t\t\t\t\t<div class=\"e-con-inner\">\n\t\t\t\t<div class=\"elementor-element elementor-element-a32599d elementor-widget elementor-widget-text-editor\" data-id=\"a32599d\" data-element_type=\"widget\" data-e-type=\"widget\" data-widget_type=\"text-editor.default\">\n\t\t\t\t<div class=\"elementor-widget-container\">\n\t\t\t\t\t\t\t\t\t<p>El \u00f3valo pintado con el caballo necesitaba entonces un marco y pens\u00e9 en un estilo cl\u00e1sico.<\/p>\n<p>Este vitral con caballo todav\u00eda est\u00e1 disponible y se exhibe en nuestro taller en Bolsena, podr\u00eda ser un panel para colgar frente a la ventana o ampliarse para convertirse en el centro de una ventana o <a href=\"https:\/\/ikostudio.it\/es\/puertas-con-vitrales-artisticos\/\" target=\"_blank\" rel=\"noopener\">puerta<\/a>.<\/p>\n<p>Si aprecia la belleza eterna de los caballos y el arte de los vitrales, esta creaci\u00f3n podr\u00eda encontrar el lugar perfecto en su espacio.<\/p>\n\t\t\t\t\t\t\t\t<\/div>\n\t\t\t\t<\/div>\n\t\t\t\t\t<\/div>\n\t\t\t\t<\/div>\n\t\t<div class=\"elementor-element elementor-element-4c6c89a e-flex e-con-boxed e-con e-parent\" data-id=\"4c6c89a\" data-element_type=\"container\" data-e-type=\"container\">\n\t\t\t\t\t<div class=\"e-con-inner\">\n\t\t\t\t<div class=\"elementor-element elementor-element-27c7c3b elementor-widget elementor-widget-image\" data-id=\"27c7c3b\" data-element_type=\"widget\" data-e-type=\"widget\" data-widget_type=\"image.default\">\n\t\t\t\t<div class=\"elementor-widget-container\">\n\t\t\t\t\t\t\t\t\t\t\t\t\t\t\t\t<a href=\"https:\/\/ikostudio.it\/wp-content\/uploads\/2023\/11\/Vetrata-Artistica-con-Cavallo.jpg\" data-elementor-open-lightbox=\"yes\" data-elementor-lightbox-title=\"vitral art\u00edstico con caballo\" data-e-action-hash=\"#elementor-action%3Aaction%3Dlightbox%26settings%3DeyJpZCI6MjQyNzAsInVybCI6Imh0dHBzOlwvXC9pa29zdHVkaW8uaXRcL3dwLWNvbnRlbnRcL3VwbG9hZHNcLzIwMjNcLzExXC9WZXRyYXRhLUFydGlzdGljYS1jb24tQ2F2YWxsby53ZWJwIn0%3D\">\n\t\t\t\t\t\t\t<img decoding=\"async\" width=\"563\" height=\"750\" src=\"https:\/\/ikostudio.it\/wp-content\/uploads\/2023\/11\/Vetrata-Artistica-con-Cavallo.webp\" class=\"attachment-large size-large wp-image-24270\" alt=\"vitral art\u00edstico con caballo\" \/>\t\t\t\t\t\t\t\t<\/a>\n\t\t\t\t\t\t\t\t\t\t\t\t\t\t\t<\/div>\n\t\t\t\t<\/div>\n\t\t\t\t\t<\/div>\n\t\t\t\t<\/div>\n\t\t<div class=\"elementor-element elementor-element-5ed84b5 e-flex e-con-boxed e-con e-parent\" data-id=\"5ed84b5\" data-element_type=\"container\" data-e-type=\"container\">\n\t\t\t\t\t<div class=\"e-con-inner\">\n\t\t\t\t<div class=\"elementor-element elementor-element-db85c5a elementor-widget elementor-widget-text-editor\" data-id=\"db85c5a\" data-element_type=\"widget\" data-e-type=\"widget\" data-widget_type=\"text-editor.default\">\n\t\t\t\t<div class=\"elementor-widget-container\">\n\t\t\t\t\t\t\t\t\t<p>Si disfrutaste mi viaje en la creaci\u00f3n de este Vitral art\u00edstico con caballo, te invito a explorar el mundo de los <a href=\"https:\/\/ikostudio.it\/es\/vitrales-con-pajaros\/\" target=\"_blank\" rel=\"noopener\">vitrales con p\u00e1jaros<\/a><\/p>\n\t\t\t\t\t\t\t\t<\/div>\n\t\t\t\t<\/div>\n\t\t\t\t\t<\/div>\n\t\t\t\t<\/div>\n\t\t\t\t<\/div>\n\t\t","protected":false},"excerpt":{"rendered":"<p>Vitral art\u00edstico con caballo En este art\u00edculo presentamos un vitral art\u00edstico con caballo creado recientemente y exclusivamente por pasi\u00f3n. Los animales siempre han sido fuentes de inspiraci\u00f3n en el arte, pero sin duda el animal m\u00e1s representado fue el caballo, ya sea por su importancia como medio de transporte o como eficaz instrumento de batalla. [&hellip;]<\/p>\n","protected":false},"author":3,"featured_media":24270,"comment_status":"closed","ping_status":"closed","sticky":false,"template":"","format":"standard","meta":{"footnotes":""},"categories":[14,3],"tags":[],"class_list":["post-24288","post","type-post","status-publish","format-standard","has-post-thumbnail","hentry","category-blog-di-vetrate-artistiche","category-sin-categorizar"],"_links":{"self":[{"href":"https:\/\/ikostudio.it\/es\/wp-json\/wp\/v2\/posts\/24288","targetHints":{"allow":["GET"]}}],"collection":[{"href":"https:\/\/ikostudio.it\/es\/wp-json\/wp\/v2\/posts"}],"about":[{"href":"https:\/\/ikostudio.it\/es\/wp-json\/wp\/v2\/types\/post"}],"author":[{"embeddable":true,"href":"https:\/\/ikostudio.it\/es\/wp-json\/wp\/v2\/users\/3"}],"replies":[{"embeddable":true,"href":"https:\/\/ikostudio.it\/es\/wp-json\/wp\/v2\/comments?post=24288"}],"version-history":[{"count":0,"href":"https:\/\/ikostudio.it\/es\/wp-json\/wp\/v2\/posts\/24288\/revisions"}],"wp:featuredmedia":[{"embeddable":true,"href":"https:\/\/ikostudio.it\/es\/wp-json\/wp\/v2\/media\/24270"}],"wp:attachment":[{"href":"https:\/\/ikostudio.it\/es\/wp-json\/wp\/v2\/media?parent=24288"}],"wp:term":[{"taxonomy":"category","embeddable":true,"href":"https:\/\/ikostudio.it\/es\/wp-json\/wp\/v2\/categories?post=24288"},{"taxonomy":"post_tag","embeddable":true,"href":"https:\/\/ikostudio.it\/es\/wp-json\/wp\/v2\/tags?post=24288"}],"curies":[{"name":"wp","href":"https:\/\/api.w.org\/{rel}","templated":true}]}}