{"id":24252,"date":"2023-08-05T12:56:29","date_gmt":"2023-08-05T12:56:29","guid":{"rendered":"https:\/\/ikostudio.it\/vitrales-con-cuervos\/"},"modified":"2025-01-13T15:07:39","modified_gmt":"2025-01-13T15:07:39","slug":"vitrales-con-cuervos","status":"publish","type":"post","link":"https:\/\/ikostudio.it\/es\/vitrales-con-cuervos\/","title":{"rendered":"Vitrales con cuervos"},"content":{"rendered":"\t\t<div data-elementor-type=\"wp-post\" data-elementor-id=\"24252\" class=\"elementor elementor-24252 elementor-24204\" data-elementor-post-type=\"post\">\n\t\t\t\t<div class=\"elementor-element elementor-element-03b8cda e-flex e-con-boxed e-con e-parent\" data-id=\"03b8cda\" data-element_type=\"container\" data-e-type=\"container\">\n\t\t\t\t\t<div class=\"e-con-inner\">\n\t\t\t\t<div class=\"elementor-element elementor-element-23efd9f elementor-widget elementor-widget-text-editor\" data-id=\"23efd9f\" data-element_type=\"widget\" data-e-type=\"widget\" data-widget_type=\"text-editor.default\">\n\t\t\t\t<div class=\"elementor-widget-container\">\n\t\t\t\t\t\t\t\t\t<h1>Vitrales con Cuervos: Simbolismo y Arte en el Taller IKO Studio<\/h1>\n<p>Este a\u00f1o, nuestro estudio recibi\u00f3 un encargo realmente original: realizar cuatro <strong>vitrales con cuervos<\/strong> pintados para las ventanas del hueco de la escalera de un encantador apartamento ubicado en el burgo del castillo de Bolsena.<\/p>\n<p>Al principio, la idea nos sorprendi\u00f3. En la cultura occidental, el cuervo suele asociarse con mensajes nefastos y la mala suerte. Sin embargo, al profundizar en nuestras investigaciones, descubrimos que el cuervo es una figura cargada de significados simb\u00f3licos, que var\u00edan en el tiempo y el espacio, asumiendo tambi\u00e9n connotaciones positivas.<\/p>\n\t\t\t\t\t\t\t\t<\/div>\n\t\t\t\t<\/div>\n\t\t\t\t\t<\/div>\n\t\t\t\t<\/div>\n\t\t<div class=\"elementor-element elementor-element-4fbe8d0 e-flex e-con-boxed e-con e-parent\" data-id=\"4fbe8d0\" data-element_type=\"container\" data-e-type=\"container\">\n\t\t\t\t\t<div class=\"e-con-inner\">\n\t\t\t\t<div class=\"elementor-element elementor-element-c7ac54b elementor-widget elementor-widget-text-editor\" data-id=\"c7ac54b\" data-element_type=\"widget\" data-e-type=\"widget\" data-widget_type=\"text-editor.default\">\n\t\t\t\t<div class=\"elementor-widget-container\">\n\t\t\t\t\t\t\t\t\t<h3>El Cuervo en el Simbolismo Universal<\/h3>\n<p>Hay un aspecto recurrente que atraviesa todas las culturas: el cuervo es un s\u00edmbolo de transici\u00f3n, representando el paso de un estado a otro. Puede simbolizar la transformaci\u00f3n de la vida a la muerte, de la ignorancia al conocimiento, del d\u00eda a la noche.<\/p>\n<p>En la Europa cristiana, el cuervo era a menudo visto como un mensajero oscuro, relacionado con las brujas y el diablo. Sin embargo, en los pa\u00edses escandinavos, est\u00e1 asociado con Od\u00edn, el poderoso dios de los vikingos. Od\u00edn estaba acompa\u00f1ado por dos cuervos, Huginn (Pensamiento) y Muninn (Memoria), que representaban la reflexi\u00f3n y el recuerdo, destacando la extraordinaria inteligencia de estos animales. Los cuervos, de hecho, se distinguen en el reino animal por su capacidad de reconocer su propio reflejo en un espejo, una caracter\u00edstica compartida con pocos seres vivos, incluidos los humanos.<\/p>\n\t\t\t\t\t\t\t\t<\/div>\n\t\t\t\t<\/div>\n\t\t\t\t\t<\/div>\n\t\t\t\t<\/div>\n\t\t<div class=\"elementor-element elementor-element-29b830b e-flex e-con-boxed e-con e-parent\" data-id=\"29b830b\" data-element_type=\"container\" data-e-type=\"container\">\n\t\t\t\t\t<div class=\"e-con-inner\">\n\t\t<div class=\"elementor-element elementor-element-0d9a9b1 e-con-full e-flex e-con e-child\" data-id=\"0d9a9b1\" data-element_type=\"container\" data-e-type=\"container\">\n\t\t\t\t<div class=\"elementor-element elementor-element-43773cb elementor-widget elementor-widget-image\" data-id=\"43773cb\" data-element_type=\"widget\" data-e-type=\"widget\" data-widget_type=\"image.default\">\n\t\t\t\t<div class=\"elementor-widget-container\">\n\t\t\t\t\t\t\t\t\t\t\t\t\t\t\t<img fetchpriority=\"high\" decoding=\"async\" width=\"800\" height=\"601\" src=\"https:\/\/ikostudio.it\/wp-content\/uploads\/2023\/08\/Vetrate-con-corvi-dettaglio.webp\" class=\"attachment-large size-large wp-image-24239\" alt=\"Vidrieras Art\u00edstica con Cuervo Detalle\" \/>\t\t\t\t\t\t\t\t\t\t\t\t\t\t\t<\/div>\n\t\t\t\t<\/div>\n\t\t\t\t<\/div>\n\t\t<div class=\"elementor-element elementor-element-578196e e-con-full e-flex e-con e-child\" data-id=\"578196e\" data-element_type=\"container\" data-e-type=\"container\">\n\t\t\t\t<div class=\"elementor-element elementor-element-19de192 elementor-widget elementor-widget-image\" data-id=\"19de192\" data-element_type=\"widget\" data-e-type=\"widget\" data-widget_type=\"image.default\">\n\t\t\t\t<div class=\"elementor-widget-container\">\n\t\t\t\t\t\t\t\t\t\t\t\t\t\t\t<img decoding=\"async\" width=\"800\" height=\"601\" src=\"https:\/\/ikostudio.it\/wp-content\/uploads\/2023\/08\/Vetrate-con-corvi-particolare.webp\" class=\"attachment-large size-large wp-image-24242\" alt=\"Vitrale Art\u00edstico con Cuervos detalle\" \/>\t\t\t\t\t\t\t\t\t\t\t\t\t\t\t<\/div>\n\t\t\t\t<\/div>\n\t\t\t\t<\/div>\n\t\t\t\t\t<\/div>\n\t\t\t\t<\/div>\n\t\t<div class=\"elementor-element elementor-element-29e0893 e-flex e-con-boxed e-con e-parent\" data-id=\"29e0893\" data-element_type=\"container\" data-e-type=\"container\">\n\t\t\t\t\t<div class=\"e-con-inner\">\n\t\t\t\t<div class=\"elementor-element elementor-element-3a19366 elementor-widget elementor-widget-text-editor\" data-id=\"3a19366\" data-element_type=\"widget\" data-e-type=\"widget\" data-widget_type=\"text-editor.default\">\n\t\t\t\t<div class=\"elementor-widget-container\">\n\t\t\t\t\t\t\t\t\t<h3>El Proyecto de los Vitrales con Cuervos<\/h3>\n<p>Los clientes deseaban vitrales luminosos, con cuervos posados en ramas y un fondo geom\u00e9trico cl\u00e1sico. Adem\u00e1s, nos solicitaron incluir una runa decorativa que se repitiera a lo largo del borde de cada vitral, a\u00f1adiendo un toque de misterio y significado simb\u00f3lico al proyecto.<\/p>\n<p>Para enriquecer a\u00fan m\u00e1s el dise\u00f1o, utilizamos un antiguo vidrio soplado de Saint-Just, de color tabaco c\u00e1lido. Este material, caracterizado por imperfecciones y burbujas de aire t\u00edpicas de los vidrios artesanales, aporta a los vitrales un encanto \u00fanico, exaltando la luz natural y creando juegos de transparencias sugestivas. Los peque\u00f1os rombos que dividen el fondo transparente y los detalles de los marcos se dise\u00f1aron cuidadosamente para armonizar perfectamente con el entorno.<\/p>\n<p>Para los peque\u00f1os rombos que dividen el fondo transparente y algunas piezas de borde, decidimos, de acuerdo con los clientes, utilizar un hermoso vidrio antiguo soplado de <a href=\"https:\/\/www.saint-gobain-glass.fr\/fr\/saint-just-version-fr\" target=\"_blank\" rel=\"noopener\">Saint-Just<\/a> de color tabaco lleno de imperfecciones y burbujas t\u00edpicas del vidrio artesanal.<\/p>\n\t\t\t\t\t\t\t\t<\/div>\n\t\t\t\t<\/div>\n\t\t\t\t\t<\/div>\n\t\t\t\t<\/div>\n\t\t<div class=\"elementor-element elementor-element-77df2c5 e-flex e-con-boxed e-con e-parent\" data-id=\"77df2c5\" data-element_type=\"container\" data-e-type=\"container\">\n\t\t\t\t\t<div class=\"e-con-inner\">\n\t\t<div class=\"elementor-element elementor-element-6eeb2af e-con-full e-flex e-con e-child\" data-id=\"6eeb2af\" data-element_type=\"container\" data-e-type=\"container\">\n\t\t\t\t<div class=\"elementor-element elementor-element-20d2169 elementor-widget elementor-widget-image\" data-id=\"20d2169\" data-element_type=\"widget\" data-e-type=\"widget\" data-widget_type=\"image.default\">\n\t\t\t\t<div class=\"elementor-widget-container\">\n\t\t\t\t\t\t\t\t\t\t\t\t\t\t\t<img decoding=\"async\" width=\"800\" height=\"601\" src=\"https:\/\/ikostudio.it\/wp-content\/uploads\/2023\/08\/Vetrate-artistiche-con-corvi.webp\" class=\"attachment-large size-large wp-image-24245\" alt=\"Vetrate artistiche con corvi\" \/>\t\t\t\t\t\t\t\t\t\t\t\t\t\t\t<\/div>\n\t\t\t\t<\/div>\n\t\t\t\t<\/div>\n\t\t<div class=\"elementor-element elementor-element-97bbdf1 e-con-full e-flex e-con e-child\" data-id=\"97bbdf1\" data-element_type=\"container\" data-e-type=\"container\">\n\t\t\t\t<div class=\"elementor-element elementor-element-e8eeb20 elementor-widget elementor-widget-image\" data-id=\"e8eeb20\" data-element_type=\"widget\" data-e-type=\"widget\" data-widget_type=\"image.default\">\n\t\t\t\t<div class=\"elementor-widget-container\">\n\t\t\t\t\t\t\t\t\t\t\t\t\t\t\t<img loading=\"lazy\" decoding=\"async\" width=\"800\" height=\"601\" src=\"https:\/\/ikostudio.it\/wp-content\/uploads\/2023\/08\/Vetrate-con-corvi.webp\" class=\"attachment-large size-large wp-image-24207\" alt=\"Vetrate con corvi\" \/>\t\t\t\t\t\t\t\t\t\t\t\t\t\t\t<\/div>\n\t\t\t\t<\/div>\n\t\t\t\t<\/div>\n\t\t\t\t\t<\/div>\n\t\t\t\t<\/div>\n\t\t<div class=\"elementor-element elementor-element-ddc1f01 e-flex e-con-boxed e-con e-parent\" data-id=\"ddc1f01\" data-element_type=\"container\" data-e-type=\"container\">\n\t\t\t\t\t<div class=\"e-con-inner\">\n\t\t\t\t<div class=\"elementor-element elementor-element-f8bd919 elementor-widget elementor-widget-text-editor\" data-id=\"f8bd919\" data-element_type=\"widget\" data-e-type=\"widget\" data-widget_type=\"text-editor.default\">\n\t\t\t\t<div class=\"elementor-widget-container\">\n\t\t\t\t\t\t\t\t\t<h3>No Solo Cuervos: Las Aves en los Vitrales de IKO Studio<\/h3>\n<p>Los vitrales art\u00edsticos dedicados a las aves est\u00e1n entre nuestras creaciones m\u00e1s apreciadas. Adem\u00e1s de los cuervos, hemos realizado obras con b\u00fahos, flamencos, palomas y muchas otras aves, cada una con su simbolog\u00eda y encanto \u00fanicos. Descubra nuestra <a href=\"https:\/\/ikostudio.it\/es\/vitrales-con-pajaros\/\" target=\"_blank\" rel=\"noopener\">colecci\u00f3n de vitrales con p\u00e1jaros<\/a>. Cada proyecto est\u00e1 personalizado, pensado para adaptarse a las necesidades y deseos de nuestros clientes.<\/p>\n<p>Los vitrales con cuervos, con su fuerte impacto visual y simb\u00f3lico, son un ejemplo perfecto de c\u00f3mo el arte puede transformar una simple ventana en una obra de arte llena de significados. Si t\u00fa tambi\u00e9n deseas un vitral que cuente una historia \u00fanica, <a href=\"https:\/\/ikostudio.it\/es\/contactos\/\">cont\u00e1ctanos<\/a>: juntos daremos vida a tu visi\u00f3n.<\/p>\n\t\t\t\t\t\t\t\t<\/div>\n\t\t\t\t<\/div>\n\t\t\t\t\t<\/div>\n\t\t\t\t<\/div>\n\t\t\t\t<\/div>\n\t\t","protected":false},"excerpt":{"rendered":"<p>Vitrales con Cuervos: Simbolismo y Arte en el Taller IKO Studio Este a\u00f1o, nuestro estudio recibi\u00f3 un encargo realmente original: realizar cuatro vitrales con cuervos pintados para las ventanas del hueco de la escalera de un encantador apartamento ubicado en el burgo del castillo de Bolsena. Al principio, la idea nos sorprendi\u00f3. En la cultura [&hellip;]<\/p>\n","protected":false},"author":3,"featured_media":24207,"comment_status":"closed","ping_status":"closed","sticky":false,"template":"","format":"standard","meta":{"footnotes":""},"categories":[1226,3],"tags":[2163,2129,2162],"class_list":["post-24252","post","type-post","status-publish","format-standard","has-post-thumbnail","hentry","category-blog-di-vetrate-artistiche","category-sin-categorizar","tag-cuervos","tag-pajaros","tag-vitrales-con-cuervos"],"_links":{"self":[{"href":"https:\/\/ikostudio.it\/es\/wp-json\/wp\/v2\/posts\/24252","targetHints":{"allow":["GET"]}}],"collection":[{"href":"https:\/\/ikostudio.it\/es\/wp-json\/wp\/v2\/posts"}],"about":[{"href":"https:\/\/ikostudio.it\/es\/wp-json\/wp\/v2\/types\/post"}],"author":[{"embeddable":true,"href":"https:\/\/ikostudio.it\/es\/wp-json\/wp\/v2\/users\/3"}],"replies":[{"embeddable":true,"href":"https:\/\/ikostudio.it\/es\/wp-json\/wp\/v2\/comments?post=24252"}],"version-history":[{"count":0,"href":"https:\/\/ikostudio.it\/es\/wp-json\/wp\/v2\/posts\/24252\/revisions"}],"wp:featuredmedia":[{"embeddable":true,"href":"https:\/\/ikostudio.it\/es\/wp-json\/wp\/v2\/media\/24207"}],"wp:attachment":[{"href":"https:\/\/ikostudio.it\/es\/wp-json\/wp\/v2\/media?parent=24252"}],"wp:term":[{"taxonomy":"category","embeddable":true,"href":"https:\/\/ikostudio.it\/es\/wp-json\/wp\/v2\/categories?post=24252"},{"taxonomy":"post_tag","embeddable":true,"href":"https:\/\/ikostudio.it\/es\/wp-json\/wp\/v2\/tags?post=24252"}],"curies":[{"name":"wp","href":"https:\/\/api.w.org\/{rel}","templated":true}]}}