{"id":23693,"date":"2022-08-01T11:30:16","date_gmt":"2022-08-01T11:30:16","guid":{"rendered":"https:\/\/ikostudio.it\/vitral-moderno-con-el-lago\/"},"modified":"2024-12-30T17:21:45","modified_gmt":"2024-12-30T17:21:45","slug":"vitral-moderno-con-el-lago","status":"publish","type":"post","link":"https:\/\/ikostudio.it\/es\/vitral-moderno-con-el-lago\/","title":{"rendered":"Vitral moderno con el lago"},"content":{"rendered":"\t\t<div data-elementor-type=\"wp-post\" data-elementor-id=\"23693\" class=\"elementor elementor-23693 elementor-23660\" data-elementor-post-type=\"post\">\n\t\t\t\t\t\t<section class=\"elementor-section elementor-top-section elementor-element elementor-element-f856339 elementor-section-boxed elementor-section-height-default elementor-section-height-default\" data-id=\"f856339\" data-element_type=\"section\" data-e-type=\"section\">\n\t\t\t\t\t\t<div class=\"elementor-container elementor-column-gap-default\">\n\t\t\t\t\t<div class=\"elementor-column elementor-col-100 elementor-top-column elementor-element elementor-element-45956e9\" data-id=\"45956e9\" data-element_type=\"column\" data-e-type=\"column\">\n\t\t\t<div class=\"elementor-widget-wrap elementor-element-populated\">\n\t\t\t\t\t\t<div class=\"elementor-element elementor-element-87653cf elementor-widget elementor-widget-text-editor\" data-id=\"87653cf\" data-element_type=\"widget\" data-e-type=\"widget\" data-widget_type=\"text-editor.default\">\n\t\t\t\t<div class=\"elementor-widget-container\">\n\t\t\t\t\t\t\t\t\t<h1>Vitral moderno con el lago: un homenaje al Lago de Bolsena<\/h1>\n<p>El Lago de Bolsena nos ha fascinado desde el momento en que lo conocimos, y fue un honor para nosotros que nos pidieran crear un <strong>vitral moderno con el lago<\/strong>. Una pareja de turistas y amigos holandeses, asiduos visitantes de este hermoso rinc\u00f3n de Italia, nos encargaron una obra luminosa y colorida, rica en detalles, para inmortalizar la belleza de este paisaje \u00fanico y llevar un recuerdo especial a su hogar en los Pa\u00edses Bajos.<\/p>\n\t\t\t\t\t\t\t\t<\/div>\n\t\t\t\t<\/div>\n\t\t\t\t\t<\/div>\n\t\t<\/div>\n\t\t\t\t\t<\/div>\n\t\t<\/section>\n\t\t\t\t<section class=\"elementor-section elementor-top-section elementor-element elementor-element-f26bfa6 elementor-section-boxed elementor-section-height-default elementor-section-height-default\" data-id=\"f26bfa6\" data-element_type=\"section\" data-e-type=\"section\">\n\t\t\t\t\t\t<div class=\"elementor-container elementor-column-gap-default\">\n\t\t\t\t\t<div class=\"elementor-column elementor-col-66 elementor-top-column elementor-element elementor-element-7d88814\" data-id=\"7d88814\" data-element_type=\"column\" data-e-type=\"column\">\n\t\t\t<div class=\"elementor-widget-wrap elementor-element-populated\">\n\t\t\t\t\t\t<div class=\"elementor-element elementor-element-2621b6d elementor-widget elementor-widget-text-editor\" data-id=\"2621b6d\" data-element_type=\"widget\" data-e-type=\"widget\" data-widget_type=\"text-editor.default\">\n\t\t\t\t<div class=\"elementor-widget-container\">\n\t\t\t\t\t\t\t\t\t<h3><strong>El Lago de Bolsena: un lugar que conquista el coraz\u00f3n<\/strong><\/h3>\n<p>El <a href=\"https:\/\/es.wikipedia.org\/wiki\/Lago_de_Bolsena\" target=\"_blank\" rel=\"noopener\">Lago de Bolsena<\/a> es imposible de no amar. Este extraordinario espejo de agua, el lago volc\u00e1nico m\u00e1s grande de Europa, cautiva con sus dos islas: Martana y Bisentina, esta \u00faltima representada en nuestro vitral moderno con el lago.<\/p>\n<p>Sus aguas cristalinas, alimentadas por la lluvia y numerosas fuentes naturales, constituyen un h\u00e1bitat perfecto para una rica biodiversidad, habitado por aves acu\u00e1ticas, peces y una multitud de insectos. Adem\u00e1s, el lago ofrece hermosas playas, a menudo sombreadas por juncos y \u00e1rboles, ideales para quienes buscan refugio del calor veraniego. No es de extra\u00f1ar que sea especialmente apreciado por los turistas del norte de Europa, quienes encuentran en \u00e9l un rinc\u00f3n de paz donde el sol italiano se siente m\u00e1s suave.<\/p>\n\t\t\t\t\t\t\t\t<\/div>\n\t\t\t\t<\/div>\n\t\t\t\t\t<\/div>\n\t\t<\/div>\n\t\t\t\t<div class=\"elementor-column elementor-col-33 elementor-top-column elementor-element elementor-element-171411d\" data-id=\"171411d\" data-element_type=\"column\" data-e-type=\"column\">\n\t\t\t<div class=\"elementor-widget-wrap elementor-element-populated\">\n\t\t\t\t\t\t<div class=\"elementor-element elementor-element-13f9c3e elementor-widget elementor-widget-image\" data-id=\"13f9c3e\" data-element_type=\"widget\" data-e-type=\"widget\" data-widget_type=\"image.default\">\n\t\t\t\t<div class=\"elementor-widget-container\">\n\t\t\t\t\t\t\t\t\t\t\t\t\t\t\t<img fetchpriority=\"high\" decoding=\"async\" width=\"800\" height=\"601\" src=\"https:\/\/ikostudio.it\/wp-content\/uploads\/2022\/07\/Vetrata-Moderna-con-il-Lago-Isola-Bisentina.webp\" class=\"attachment-large size-large wp-image-23674\" alt=\"Vitral moderno con el lago isla Bisentina\" \/>\t\t\t\t\t\t\t\t\t\t\t\t\t\t\t<\/div>\n\t\t\t\t<\/div>\n\t\t\t\t\t<\/div>\n\t\t<\/div>\n\t\t\t\t\t<\/div>\n\t\t<\/section>\n\t\t\t\t<section class=\"elementor-section elementor-top-section elementor-element elementor-element-4e55f96 elementor-section-boxed elementor-section-height-default elementor-section-height-default\" data-id=\"4e55f96\" data-element_type=\"section\" data-e-type=\"section\">\n\t\t\t\t\t\t<div class=\"elementor-container elementor-column-gap-default\">\n\t\t\t\t\t<div class=\"elementor-column elementor-col-100 elementor-top-column elementor-element elementor-element-571fdce\" data-id=\"571fdce\" data-element_type=\"column\" data-e-type=\"column\">\n\t\t\t<div class=\"elementor-widget-wrap elementor-element-populated\">\n\t\t\t\t\t\t<div class=\"elementor-element elementor-element-9398720 elementor-widget elementor-widget-text-editor\" data-id=\"9398720\" data-element_type=\"widget\" data-e-type=\"widget\" data-widget_type=\"text-editor.default\">\n\t\t\t\t<div class=\"elementor-widget-container\">\n\t\t\t\t\t\t\t\t\t<h3><strong>La inspiraci\u00f3n para el vitral moderno con el lago<\/strong><\/h3>\n<p>Comenc\u00e9 el boceto reflexionando sobre qu\u00e9 pod\u00eda representar mejor el alma del Lago de Bolsena. Las posibilidades eran infinitas. Para nosotros, este lago es un lugar de paz y maravilla. Exceptuando los tres meses m\u00e1s fr\u00edos del a\u00f1o, nos encanta comenzar el d\u00eda con una mezcla de deporte y relajaci\u00f3n, en kayak, sumergi\u00e9ndonos en la naturaleza que adorna sus encantadoras playas y calas. Durante estas excursiones, observamos la vida que lo anima: cormoranes, patos, garzas, garcetas, martines pescadores y, en las aguas cristalinas, los peces que se pueden ver nadar bajo la superficie.<\/p>\n<p>Para este <strong>vitral moderno con el Lago de Bolsena<\/strong>, decid\u00ed representar algunos de sus s\u00edmbolos m\u00e1s caracter\u00edsticos. Eleg\u00ed el coregone, el pez m\u00e1s famoso de la zona, c\u00e9lebre (por desgracia) por su sabor en la mesa. Agregu\u00e9 las gaviotas que se re\u00fanen en los muelles y que, al llegar, levantan vuelo, elegantes y al un\u00edsono. Finalmente, quise incluir las t\u00edpicas plantas acu\u00e1ticas que, en verano, emergen para florecer y atraer a las lib\u00e9lulas azules, fluorescentes polinizadoras que vuelan ligeras sobre el agua.<\/p>\n<p>Esta combinaci\u00f3n de elementos, para m\u00ed, captura la esencia del lago: un ecosistema vibrante, rico y digno de ser admirado y respetado.<\/p>\n\t\t\t\t\t\t\t\t<\/div>\n\t\t\t\t<\/div>\n\t\t\t\t\t<\/div>\n\t\t<\/div>\n\t\t\t\t\t<\/div>\n\t\t<\/section>\n\t\t\t\t<section class=\"elementor-section elementor-top-section elementor-element elementor-element-89a1fcd elementor-section-boxed elementor-section-height-default elementor-section-height-default\" data-id=\"89a1fcd\" data-element_type=\"section\" data-e-type=\"section\">\n\t\t\t\t\t\t<div class=\"elementor-container elementor-column-gap-default\">\n\t\t\t\t\t<div class=\"elementor-column elementor-col-25 elementor-top-column elementor-element elementor-element-e18fd8b\" data-id=\"e18fd8b\" data-element_type=\"column\" data-e-type=\"column\">\n\t\t\t<div class=\"elementor-widget-wrap elementor-element-populated\">\n\t\t\t\t\t\t<div class=\"elementor-element elementor-element-8c9c4ef elementor-widget elementor-widget-image\" data-id=\"8c9c4ef\" data-element_type=\"widget\" data-e-type=\"widget\" data-widget_type=\"image.default\">\n\t\t\t\t<div class=\"elementor-widget-container\">\n\t\t\t\t\t\t\t\t\t\t\t\t\t\t\t\t<a href=\"https:\/\/ikostudio.it\/wp-content\/uploads\/2022\/07\/Vetrata-moderna-con-il-Sole-1.jpg\" data-elementor-open-lightbox=\"yes\" data-elementor-lightbox-title=\"Vitral moderno con el sol\" data-e-action-hash=\"#elementor-action%3Aaction%3Dlightbox%26settings%3DeyJpZCI6MjM2NzcsInVybCI6Imh0dHBzOlwvXC9pa29zdHVkaW8uaXRcL3dwLWNvbnRlbnRcL3VwbG9hZHNcLzIwMjJcLzA3XC9WZXRyYXRhLW1vZGVybmEtY29uLWlsLVNvbGUtMS53ZWJwIn0%3D\">\n\t\t\t\t\t\t\t<img decoding=\"async\" width=\"800\" height=\"601\" src=\"https:\/\/ikostudio.it\/wp-content\/uploads\/2022\/07\/Vetrata-moderna-con-il-Sole-1.webp\" class=\"attachment-large size-large wp-image-23677\" alt=\"Vitral moderno con el sol\" \/>\t\t\t\t\t\t\t\t<\/a>\n\t\t\t\t\t\t\t\t\t\t\t\t\t\t\t<\/div>\n\t\t\t\t<\/div>\n\t\t\t\t\t<\/div>\n\t\t<\/div>\n\t\t\t\t<div class=\"elementor-column elementor-col-25 elementor-top-column elementor-element elementor-element-73954ec\" data-id=\"73954ec\" data-element_type=\"column\" data-e-type=\"column\">\n\t\t\t<div class=\"elementor-widget-wrap elementor-element-populated\">\n\t\t\t\t\t\t<div class=\"elementor-element elementor-element-f208812 elementor-widget elementor-widget-image\" data-id=\"f208812\" data-element_type=\"widget\" data-e-type=\"widget\" data-widget_type=\"image.default\">\n\t\t\t\t<div class=\"elementor-widget-container\">\n\t\t\t\t\t\t\t\t\t\t\t\t\t\t\t<img decoding=\"async\" width=\"800\" height=\"601\" src=\"https:\/\/ikostudio.it\/wp-content\/uploads\/2022\/07\/Vetrata-moderna-con-il-Lago-Gabbianelle.webp\" class=\"attachment-large size-large wp-image-23680\" alt=\"Vitral moderno con el lago gaviota\" \/>\t\t\t\t\t\t\t\t\t\t\t\t\t\t\t<\/div>\n\t\t\t\t<\/div>\n\t\t\t\t\t<\/div>\n\t\t<\/div>\n\t\t\t\t<div class=\"elementor-column elementor-col-25 elementor-top-column elementor-element elementor-element-c88d18a\" data-id=\"c88d18a\" data-element_type=\"column\" data-e-type=\"column\">\n\t\t\t<div class=\"elementor-widget-wrap elementor-element-populated\">\n\t\t\t\t\t\t<div class=\"elementor-element elementor-element-4be23fa elementor-widget elementor-widget-image\" data-id=\"4be23fa\" data-element_type=\"widget\" data-e-type=\"widget\" data-widget_type=\"image.default\">\n\t\t\t\t<div class=\"elementor-widget-container\">\n\t\t\t\t\t\t\t\t\t\t\t\t\t\t\t\t<a href=\"https:\/\/ikostudio.it\/wp-content\/uploads\/2022\/07\/Vetrata-Moderna-con-il-Lago-Libellula.jpg\" data-elementor-open-lightbox=\"yes\" data-elementor-lightbox-title=\"Vitral moderno con el lago lib\u00e9lula\" data-e-action-hash=\"#elementor-action%3Aaction%3Dlightbox%26settings%3DeyJpZCI6MjM2ODMsInVybCI6Imh0dHBzOlwvXC9pa29zdHVkaW8uaXRcL3dwLWNvbnRlbnRcL3VwbG9hZHNcLzIwMjJcLzA3XC9WZXRyYXRhLU1vZGVybmEtY29uLWlsLUxhZ28tTGliZWxsdWxhLndlYnAifQ%3D%3D\">\n\t\t\t\t\t\t\t<img loading=\"lazy\" decoding=\"async\" width=\"800\" height=\"601\" src=\"https:\/\/ikostudio.it\/wp-content\/uploads\/2022\/07\/Vetrata-Moderna-con-il-Lago-Libellula.webp\" class=\"attachment-large size-large wp-image-23683\" alt=\"Vitral moderno con el lago lib\u00e9lula\" \/>\t\t\t\t\t\t\t\t<\/a>\n\t\t\t\t\t\t\t\t\t\t\t\t\t\t\t<\/div>\n\t\t\t\t<\/div>\n\t\t\t\t\t<\/div>\n\t\t<\/div>\n\t\t\t\t<div class=\"elementor-column elementor-col-25 elementor-top-column elementor-element elementor-element-1ec0919\" data-id=\"1ec0919\" data-element_type=\"column\" data-e-type=\"column\">\n\t\t\t<div class=\"elementor-widget-wrap elementor-element-populated\">\n\t\t\t\t\t\t<div class=\"elementor-element elementor-element-ce661a0 elementor-widget elementor-widget-image\" data-id=\"ce661a0\" data-element_type=\"widget\" data-e-type=\"widget\" data-widget_type=\"image.default\">\n\t\t\t\t<div class=\"elementor-widget-container\">\n\t\t\t\t\t\t\t\t\t\t\t\t\t\t\t\t<a href=\"https:\/\/ikostudio.it\/wp-content\/uploads\/2022\/07\/Vetrata-Moderna-con-il-Lago-Coregoni.jpg\" data-elementor-open-lightbox=\"yes\" data-elementor-lightbox-title=\"Vitral moderno con el lago pescado\" data-e-action-hash=\"#elementor-action%3Aaction%3Dlightbox%26settings%3DeyJpZCI6MjM2ODYsInVybCI6Imh0dHBzOlwvXC9pa29zdHVkaW8uaXRcL3dwLWNvbnRlbnRcL3VwbG9hZHNcLzIwMjJcLzA3XC9WZXRyYXRhLU1vZGVybmEtY29uLWlsLUxhZ28tQ29yZWdvbmkud2VicCJ9\">\n\t\t\t\t\t\t\t<img loading=\"lazy\" decoding=\"async\" width=\"800\" height=\"594\" src=\"https:\/\/ikostudio.it\/wp-content\/uploads\/2022\/07\/Vetrata-Moderna-con-il-Lago-Coregoni.webp\" class=\"attachment-large size-large wp-image-23686\" alt=\"Vitral moderno con pescado\" \/>\t\t\t\t\t\t\t\t<\/a>\n\t\t\t\t\t\t\t\t\t\t\t\t\t\t\t<\/div>\n\t\t\t\t<\/div>\n\t\t\t\t\t<\/div>\n\t\t<\/div>\n\t\t\t\t\t<\/div>\n\t\t<\/section>\n\t\t\t\t<section class=\"elementor-section elementor-top-section elementor-element elementor-element-da1f729 elementor-section-boxed elementor-section-height-default elementor-section-height-default\" data-id=\"da1f729\" data-element_type=\"section\" data-e-type=\"section\">\n\t\t\t\t\t\t<div class=\"elementor-container elementor-column-gap-default\">\n\t\t\t\t\t<div class=\"elementor-column elementor-col-100 elementor-top-column elementor-element elementor-element-2fe509e\" data-id=\"2fe509e\" data-element_type=\"column\" data-e-type=\"column\">\n\t\t\t<div class=\"elementor-widget-wrap elementor-element-populated\">\n\t\t\t\t\t\t<div class=\"elementor-element elementor-element-bfd59ec elementor-widget elementor-widget-text-editor\" data-id=\"bfd59ec\" data-element_type=\"widget\" data-e-type=\"widget\" data-widget_type=\"text-editor.default\">\n\t\t\t\t<div class=\"elementor-widget-container\">\n\t\t\t\t\t\t\t\t\t<h3><strong>Materiales y t\u00e9cnica<\/strong><\/h3>\n<p>Para este vitral moderno inspirado en el Lago de Bolsena, optamos por utilizar casi exclusivamente <strong>vidrio soplado<\/strong>. La transparencia cristalina de este material, enriquecida con burbujas atrapadas durante el proceso de soplado y sus texturas \u00fanicas, aporta movimiento y una elegancia inigualable a las secciones de vidrio sin pintura.<\/p>\n<p>La pintura a grisalla se aplic\u00f3 de manera tradicional en las partes figurativas, mientras que se adopt\u00f3 un enfoque m\u00e1s experimental para representar los rayos de sol, el viento y las corrientes del agua, creando un efecto visual din\u00e1mico.<\/p>\n<p>Desde que nos trasladamos a Bolsena, nos hemos enamorado de este territorio, decidiendo entrelazar nuestra creatividad con sus bellezas. Hemos representado la fauna t\u00edpica de la zona, como la <a href=\"https:\/\/ikostudio.it\/es\/lavori\/vitral-con-abubilla\/\" target=\"_blank\" rel=\"noopener\">abubilla<\/a>, el <a href=\"https:\/\/ikostudio.it\/es\/lavori\/vitral-con-martin-pescador\/\" target=\"_blank\" rel=\"noopener\">mart\u00edn pescador<\/a> y el puercoesp\u00edn, adem\u00e1s de realizar diversas interpretaciones de <a href=\"https:\/\/ikostudio.it\/es\/lavori\/vitral-con-santa-cristina\/\" target=\"_blank\" rel=\"noopener\">Santa Cristina<\/a>, la patrona de la ciudad.<\/p>\n\t\t\t\t\t\t\t\t<\/div>\n\t\t\t\t<\/div>\n\t\t\t\t\t<\/div>\n\t\t<\/div>\n\t\t\t\t\t<\/div>\n\t\t<\/section>\n\t\t\t\t<section class=\"elementor-section elementor-top-section elementor-element elementor-element-da4d805 elementor-section-boxed elementor-section-height-default elementor-section-height-default\" data-id=\"da4d805\" data-element_type=\"section\" data-e-type=\"section\">\n\t\t\t\t\t\t<div class=\"elementor-container elementor-column-gap-default\">\n\t\t\t\t\t<div class=\"elementor-column elementor-col-100 elementor-top-column elementor-element elementor-element-6f635de\" data-id=\"6f635de\" data-element_type=\"column\" data-e-type=\"column\">\n\t\t\t<div class=\"elementor-widget-wrap elementor-element-populated\">\n\t\t\t\t\t\t<div class=\"elementor-element elementor-element-1e18b6d elementor-widget elementor-widget-image\" data-id=\"1e18b6d\" data-element_type=\"widget\" data-e-type=\"widget\" data-widget_type=\"image.default\">\n\t\t\t\t<div class=\"elementor-widget-container\">\n\t\t\t\t\t\t\t\t\t\t\t\t\t\t\t<img loading=\"lazy\" decoding=\"async\" width=\"705\" height=\"750\" src=\"https:\/\/ikostudio.it\/wp-content\/uploads\/2022\/07\/Vetrata-Moderna-con-il-Lago.webp\" class=\"attachment-medium_large size-medium_large wp-image-23663\" alt=\"Vitral art\u00edstico moderno de colores\" \/>\t\t\t\t\t\t\t\t\t\t\t\t\t\t\t<\/div>\n\t\t\t\t<\/div>\n\t\t\t\t\t<\/div>\n\t\t<\/div>\n\t\t\t\t\t<\/div>\n\t\t<\/section>\n\t\t<div class=\"elementor-element elementor-element-e9b8cec e-flex e-con-boxed e-con e-parent\" data-id=\"e9b8cec\" data-element_type=\"container\" data-e-type=\"container\">\n\t\t\t\t\t<div class=\"e-con-inner\">\n\t\t\t\t<div class=\"elementor-element elementor-element-f0e7c21 elementor-widget elementor-widget-text-editor\" data-id=\"f0e7c21\" data-element_type=\"widget\" data-e-type=\"widget\" data-widget_type=\"text-editor.default\">\n\t\t\t\t<div class=\"elementor-widget-container\">\n\t\t\t\t\t\t\t\t\t<h3><strong>Un vitral personalizado para tu hogar<\/strong><\/h3>\n<p>Jaqueline y Frank nos encargaron este vitral moderno con el lago al inicio de sus vacaciones, con la idea de poder llevarlo a casa en coche a los Pa\u00edses Bajos. Durante el proceso de creaci\u00f3n, vinieron varias veces a ver los avances, apreciando nuestro trabajo y concedi\u00e9ndonos la libertad creativa necesaria para realizar una obra excepcional. El resultado final los dej\u00f3 completamente satisfechos.<\/p>\n<p>Si tambi\u00e9n est\u00e1s buscando una ventana o una puerta personalizada que d\u00e9 un toque \u00fanico a tu hogar con un <a href=\"https:\/\/ikostudio.it\/es\/vitrales-modernos-y-contemporaneos\/\" target=\"_blank\" rel=\"noopener\">estilo moderno y contempor\u00e1neo<\/a>, IKO Studio es el lugar ideal para ti.<\/p>\n<p>Juntos daremos forma a la obra que siempre has so\u00f1ado. No esperes m\u00e1s, <a href=\"https:\/\/ikostudio.it\/es\/contactos\/\">cont\u00e1ctanos por correo electr\u00f3nico o WhatsApp<\/a>.<\/p>\n\t\t\t\t\t\t\t\t<\/div>\n\t\t\t\t<\/div>\n\t\t\t\t\t<\/div>\n\t\t\t\t<\/div>\n\t\t\t\t<\/div>\n\t\t","protected":false},"excerpt":{"rendered":"<p>Vitral moderno con el lago: un homenaje al Lago de Bolsena El Lago de Bolsena nos ha fascinado desde el momento en que lo conocimos, y fue un honor para nosotros que nos pidieran crear un vitral moderno con el lago. Una pareja de turistas y amigos holandeses, asiduos visitantes de este hermoso rinc\u00f3n de [&hellip;]<\/p>\n","protected":false},"author":3,"featured_media":23663,"comment_status":"closed","ping_status":"closed","sticky":false,"template":"","format":"standard","meta":{"footnotes":""},"categories":[14,1],"tags":[2151,2150,1834,1967],"class_list":["post-23693","post","type-post","status-publish","format-standard","has-post-thumbnail","hentry","category-blog-di-vetrate-artistiche","category-non-categorizzato","tag-lago-de-bolsena","tag-naturaleza","tag-vitral-moderno","tag-vitral-moderno-para-puertas"],"_links":{"self":[{"href":"https:\/\/ikostudio.it\/es\/wp-json\/wp\/v2\/posts\/23693","targetHints":{"allow":["GET"]}}],"collection":[{"href":"https:\/\/ikostudio.it\/es\/wp-json\/wp\/v2\/posts"}],"about":[{"href":"https:\/\/ikostudio.it\/es\/wp-json\/wp\/v2\/types\/post"}],"author":[{"embeddable":true,"href":"https:\/\/ikostudio.it\/es\/wp-json\/wp\/v2\/users\/3"}],"replies":[{"embeddable":true,"href":"https:\/\/ikostudio.it\/es\/wp-json\/wp\/v2\/comments?post=23693"}],"version-history":[{"count":0,"href":"https:\/\/ikostudio.it\/es\/wp-json\/wp\/v2\/posts\/23693\/revisions"}],"wp:featuredmedia":[{"embeddable":true,"href":"https:\/\/ikostudio.it\/es\/wp-json\/wp\/v2\/media\/23663"}],"wp:attachment":[{"href":"https:\/\/ikostudio.it\/es\/wp-json\/wp\/v2\/media?parent=23693"}],"wp:term":[{"taxonomy":"category","embeddable":true,"href":"https:\/\/ikostudio.it\/es\/wp-json\/wp\/v2\/categories?post=23693"},{"taxonomy":"post_tag","embeddable":true,"href":"https:\/\/ikostudio.it\/es\/wp-json\/wp\/v2\/tags?post=23693"}],"curies":[{"name":"wp","href":"https:\/\/api.w.org\/{rel}","templated":true}]}}