{"id":23511,"date":"2022-05-04T13:47:19","date_gmt":"2022-05-04T13:47:19","guid":{"rendered":"https:\/\/ikostudio.it\/vitrales-con-pajaros\/"},"modified":"2025-01-13T13:57:16","modified_gmt":"2025-01-13T13:57:16","slug":"vitrales-con-pajaros","status":"publish","type":"post","link":"https:\/\/ikostudio.it\/es\/vitrales-con-pajaros\/","title":{"rendered":"Vitrales con p\u00e1jaros"},"content":{"rendered":"\t\t<div data-elementor-type=\"wp-post\" data-elementor-id=\"23511\" class=\"elementor elementor-23511 elementor-23456\" data-elementor-post-type=\"post\">\n\t\t\t\t\t\t<section class=\"elementor-section elementor-top-section elementor-element elementor-element-3a3c74e elementor-section-boxed elementor-section-height-default elementor-section-height-default\" data-id=\"3a3c74e\" data-element_type=\"section\" data-e-type=\"section\">\n\t\t\t\t\t\t<div class=\"elementor-container elementor-column-gap-default\">\n\t\t\t\t\t<div class=\"elementor-column elementor-col-100 elementor-top-column elementor-element elementor-element-85d3313\" data-id=\"85d3313\" data-element_type=\"column\" data-e-type=\"column\">\n\t\t\t<div class=\"elementor-widget-wrap elementor-element-populated\">\n\t\t\t\t\t\t<div class=\"elementor-element elementor-element-782235d elementor-widget elementor-widget-text-editor\" data-id=\"782235d\" data-element_type=\"widget\" data-e-type=\"widget\" data-widget_type=\"text-editor.default\">\n\t\t\t\t<div class=\"elementor-widget-container\">\n\t\t\t\t\t\t\t\t\t<h1>Vitrales con p\u00e1jaros<strong>: Creaciones Exclusivas y Refinadas<\/strong><\/h1>\n<p>En IKO Studio hemos creado una serie de <strong>vitrales art\u00edsticos con p\u00e1jaros<\/strong>, celebrando su belleza y encanto atemporal. Este fascinante tema nos ha inspirado a crear una p\u00e1gina especial en nuestro blog, donde mostramos algunas de las obras m\u00e1s significativas del estudio.<\/p>\n\t\t\t\t\t\t\t\t<\/div>\n\t\t\t\t<\/div>\n\t\t\t\t\t<\/div>\n\t\t<\/div>\n\t\t\t\t\t<\/div>\n\t\t<\/section>\n\t\t\t\t<section class=\"elementor-section elementor-top-section elementor-element elementor-element-9de8993 elementor-section-boxed elementor-section-height-default elementor-section-height-default\" data-id=\"9de8993\" data-element_type=\"section\" data-e-type=\"section\">\n\t\t\t\t\t\t<div class=\"elementor-container elementor-column-gap-default\">\n\t\t\t\t\t<div class=\"elementor-column elementor-col-100 elementor-top-column elementor-element elementor-element-3976ee5\" data-id=\"3976ee5\" data-element_type=\"column\" data-e-type=\"column\">\n\t\t\t<div class=\"elementor-widget-wrap elementor-element-populated\">\n\t\t\t\t\t\t<div class=\"elementor-element elementor-element-5a9a2bb elementor-widget elementor-widget-text-editor\" data-id=\"5a9a2bb\" data-element_type=\"widget\" data-e-type=\"widget\" data-widget_type=\"text-editor.default\">\n\t\t\t\t<div class=\"elementor-widget-container\">\n\t\t\t\t\t\t\t\t\t<h2>Los P\u00e1jaros en el Arte<\/h2>\n<p>Los p\u00e1jaros han cautivado a la humanidad desde siempre, simbolizando libertad, gracia y misterio debido a su capacidad de volar, un sue\u00f1o inalcanzable para los humanos durante siglos. Desde la antig\u00fcedad, estas criaturas extraordinarias han sido protagonistas de representaciones mitol\u00f3gicas y art\u00edsticas, asumiendo significados diversos: el f\u00e9nix representa el renacimiento, la lechuza simboliza la sabidur\u00eda, la paloma encarna el bien y el cuervo suele asociarse con la oscuridad o el mal.<br \/>\nLos maestros vidrieros tambi\u00e9n han rendido homenaje al mundo de los p\u00e1jaros a lo largo de la historia. Durante la \u00e9poca victoriana en Inglaterra, por ejemplo, fueron muy populares los vitrales de plomo con medallones centrales pintados que representaban flores y p\u00e1jaros. En la era del Art Nouveau, los pavos reales y los loros se convirtieron en temas recurrentes, con ejemplos ic\u00f3nicos creados por Tiffany Studios. En Italia, el maestro <strong>Duilio Cambellotti<\/strong> cre\u00f3 magn\u00edficos vitrales con aves, entre ellos el famoso \u201cVitral de los Pavos Reales,\u201d exhibido en el <a href=\"https:\/\/www.museivillatorlonia.it\/es\/casina_delle_civette\/la_casina_delle_civette\" target=\"_blank\" rel=\"noopener\">museo de Villa Torlonia<\/a>.<\/p>\n\t\t\t\t\t\t\t\t<\/div>\n\t\t\t\t<\/div>\n\t\t\t\t\t<\/div>\n\t\t<\/div>\n\t\t\t\t\t<\/div>\n\t\t<\/section>\n\t\t<div class=\"elementor-element elementor-element-25ce361 e-con-full e-flex e-con e-parent\" data-id=\"25ce361\" data-element_type=\"container\" data-e-type=\"container\">\n\t\t\t\t<div class=\"elementor-element elementor-element-850a96d elementor-widget elementor-widget-image\" data-id=\"850a96d\" data-element_type=\"widget\" data-e-type=\"widget\" data-widget_type=\"image.default\">\n\t\t\t\t<div class=\"elementor-widget-container\">\n\t\t\t\t\t\t\t\t\t\t\t\t\t\t\t<img fetchpriority=\"high\" decoding=\"async\" width=\"800\" height=\"418\" src=\"https:\/\/ikostudio.it\/wp-content\/uploads\/2022\/05\/Vetrata-Pavoni-Duilio-Cambellotti.webp\" class=\"attachment-large size-large wp-image-28843\" alt=\"Vitral Modernista Roma Duilio Cambellotti Duilio Cambellotti Villa Torlonia\" \/>\t\t\t\t\t\t\t\t\t\t\t\t\t\t\t<\/div>\n\t\t\t\t<\/div>\n\t\t\t\t<\/div>\n\t\t<div class=\"elementor-element elementor-element-93aa3d3 e-flex e-con-boxed e-con e-parent\" data-id=\"93aa3d3\" data-element_type=\"container\" data-e-type=\"container\">\n\t\t\t\t\t<div class=\"e-con-inner\">\n\t\t\t\t<div class=\"elementor-element elementor-element-89b7f0b elementor-widget elementor-widget-text-editor\" data-id=\"89b7f0b\" data-element_type=\"widget\" data-e-type=\"widget\" data-widget_type=\"text-editor.default\">\n\t\t\t\t<div class=\"elementor-widget-container\">\n\t\t\t\t\t\t\t\t\t<h2 class=\"western\">Ejemplos de Nuestros Vitrales con p\u00e1jaros<\/h2>\n\t\t\t\t\t\t\t\t<\/div>\n\t\t\t\t<\/div>\n\t\t\t\t\t<\/div>\n\t\t\t\t<\/div>\n\t\t<div class=\"elementor-element elementor-element-276b1fc e-flex e-con-boxed e-con e-parent\" data-id=\"276b1fc\" data-element_type=\"container\" data-e-type=\"container\">\n\t\t\t\t\t<div class=\"e-con-inner\">\n\t\t<div class=\"elementor-element elementor-element-331f10a e-con-full e-flex e-con e-child\" data-id=\"331f10a\" data-element_type=\"container\" data-e-type=\"container\">\n\t\t\t\t<div class=\"elementor-element elementor-element-e20c898 elementor-widget elementor-widget-image\" data-id=\"e20c898\" data-element_type=\"widget\" data-e-type=\"widget\" data-widget_type=\"image.default\">\n\t\t\t\t<div class=\"elementor-widget-container\">\n\t\t\t\t\t\t\t\t\t\t\t\t\t\t\t\t<a href=\"https:\/\/ikostudio.it\/wp-content\/uploads\/2022\/05\/Vetrata-con-Colomba-Messico.jpg\" data-elementor-open-lightbox=\"yes\" data-elementor-lightbox-title=\"Vidriera con Paloma Mexico\" data-e-action-hash=\"#elementor-action%3Aaction%3Dlightbox%26settings%3DeyJpZCI6Mjg4NDYsInVybCI6Imh0dHBzOlwvXC9pa29zdHVkaW8uaXRcL3dwLWNvbnRlbnRcL3VwbG9hZHNcLzIwMjJcLzA1XC9WZXRyYXRhLWNvbi1Db2xvbWJhLU1lc3NpY28ud2VicCJ9\">\n\t\t\t\t\t\t\t<img decoding=\"async\" width=\"800\" height=\"800\" src=\"https:\/\/ikostudio.it\/wp-content\/uploads\/2022\/05\/Vetrata-con-Colomba-Messico.webp\" class=\"attachment-large size-large wp-image-28846\" alt=\"Vitrales con p\u00e1jaros Paloma Esp\u00edritu Santo Mexico\" \/>\t\t\t\t\t\t\t\t<\/a>\n\t\t\t\t\t\t\t\t\t\t\t\t\t\t\t<\/div>\n\t\t\t\t<\/div>\n\t\t\t\t<\/div>\n\t\t<div class=\"elementor-element elementor-element-de1872c e-con-full e-flex e-con e-child\" data-id=\"de1872c\" data-element_type=\"container\" data-e-type=\"container\">\n\t\t\t\t<div class=\"elementor-element elementor-element-eccd71a elementor-widget elementor-widget-text-editor\" data-id=\"eccd71a\" data-element_type=\"widget\" data-e-type=\"widget\" data-widget_type=\"text-editor.default\">\n\t\t\t\t<div class=\"elementor-widget-container\">\n\t\t\t\t\t\t\t\t\t<h3 class=\"western\">Las Palomas de IKO Studio<\/h3>\n<p>Entre las creaciones de vitrales con p\u00e1jaros de IKO Studio, la m\u00e1s popular es, sin duda, el panel que representa al Esp\u00edritu Santo como una paloma. La primera vez que nos lo encargaron, el cliente se inspir\u00f3 en el famoso vitral del \u00e1bside de San Pedro. Sin embargo, optamos por reinterpretar el dise\u00f1o de la paloma, creando una figura m\u00e1s natural y armoniosa. Esta elecci\u00f3n result\u00f3 ser un \u00e9xito, permiti\u00e9ndonos realizar una obra original que ha recibido gran reconocimiento.<\/p>\n<p>Desde entonces, hemos recibido numerosos encargos de versiones \u00fanicas de esta pieza. En esta publicaci\u00f3n, presentamos una nueva versi\u00f3n de este vitral, dise\u00f1ado para un cliente en M\u00e9xico.<\/p>\n<p>Admira nuestro primer <a href=\"https:\/\/ikostudio.it\/es\/vitral-con-el-espiritu-santo\/\" target=\"_blank\" rel=\"noopener\">vitral con el Esp\u00edritu Santo<\/a><\/p>\n<p>&nbsp;<\/p>\n\t\t\t\t\t\t\t\t<\/div>\n\t\t\t\t<\/div>\n\t\t\t\t<\/div>\n\t\t\t\t\t<\/div>\n\t\t\t\t<\/div>\n\t\t<div class=\"elementor-element elementor-element-92ca78d e-flex e-con-boxed e-con e-parent\" data-id=\"92ca78d\" data-element_type=\"container\" data-e-type=\"container\">\n\t\t\t\t\t<div class=\"e-con-inner\">\n\t\t<div class=\"elementor-element elementor-element-85cf816 e-con-full e-flex e-con e-child\" data-id=\"85cf816\" data-element_type=\"container\" data-e-type=\"container\">\n\t\t\t\t<div class=\"elementor-element elementor-element-eced2e0 elementor-widget elementor-widget-text-editor\" data-id=\"eced2e0\" data-element_type=\"widget\" data-e-type=\"widget\" data-widget_type=\"text-editor.default\">\n\t\t\t\t<div class=\"elementor-widget-container\">\n\t\t\t\t\t\t\t\t\t<h3 class=\"western\">Los Cuervos en los Vitrales<\/h3>\n<p>Uno de los encargos m\u00e1s originales que hemos recibido es un conjunto de vitrales con cuervos, creado para una pareja apasionada por la mitolog\u00eda germ\u00e1nica. Los cuervos Huginn y Muninn, criaturas enigm\u00e1ticas e inteligentes con la capacidad de viajar entre mundos, son conocidos como los fieles servidores del dios <a href=\"https:\/\/es.wikipedia.org\/wiki\/Od%C3%ADn\" target=\"_blank\" rel=\"noopener\">Od\u00edn<\/a>.<\/p>\n<p>Estos vitrales presentan cuervos pintados cuidadosamente sobre vidrio soplado gris, con colores fijados a trav\u00e9s de m\u00faltiples cocciones en el horno, un proceso que garantiza la durabilidad y belleza de la obra a lo largo del tiempo.<\/p>\n<p>Descubra m\u00e1s sobre nuestras <a href=\"https:\/\/ikostudio.it\/es\/vitrales-con-cuervos\/\" target=\"_blank\" rel=\"noopener\">vidrieras con cuervos<\/a><\/p>\n<p>&nbsp;<\/p>\n\t\t\t\t\t\t\t\t<\/div>\n\t\t\t\t<\/div>\n\t\t\t\t<\/div>\n\t\t<div class=\"elementor-element elementor-element-92e9301 e-con-full e-flex e-con e-child\" data-id=\"92e9301\" data-element_type=\"container\" data-e-type=\"container\">\n\t\t\t\t<div class=\"elementor-element elementor-element-1af8286 elementor-widget elementor-widget-image\" data-id=\"1af8286\" data-element_type=\"widget\" data-e-type=\"widget\" data-widget_type=\"image.default\">\n\t\t\t\t<div class=\"elementor-widget-container\">\n\t\t\t\t\t\t\t\t\t\t\t\t\t\t\t<img decoding=\"async\" width=\"800\" height=\"601\" src=\"https:\/\/ikostudio.it\/wp-content\/uploads\/2023\/08\/Vetrate-con-corvi.webp\" class=\"attachment-large size-large wp-image-24207\" alt=\"Vetrate con corvi\" \/>\t\t\t\t\t\t\t\t\t\t\t\t\t\t\t<\/div>\n\t\t\t\t<\/div>\n\t\t\t\t<\/div>\n\t\t\t\t\t<\/div>\n\t\t\t\t<\/div>\n\t\t<div class=\"elementor-element elementor-element-9422747 e-flex e-con-boxed e-con e-parent\" data-id=\"9422747\" data-element_type=\"container\" data-e-type=\"container\">\n\t\t\t\t\t<div class=\"e-con-inner\">\n\t\t\t\t<div class=\"elementor-element elementor-element-ea87bf3 elementor-widget elementor-widget-text-editor\" data-id=\"ea87bf3\" data-element_type=\"widget\" data-e-type=\"widget\" data-widget_type=\"text-editor.default\">\n\t\t\t\t<div class=\"elementor-widget-container\">\n\t\t\t\t\t\t\t\t\t<h3 class=\"western\">Los Flamencos en los Vitrales<\/h3>\n<p>Esta elegante pieza de vitral fue dise\u00f1ada para una cl\u00e1sica ventana sobre puerta. Realizada casi en su totalidad con vidrio soplado, representa dos flamencos rodeados de flores de hibisco. Las aves y las flores est\u00e1n pintadas con la t\u00e9cnica de grisalla, mientras que el fondo se deja sin pintar para resaltar las burbujas, texturas y la transparencia cristalina del vidrio soplado.<\/p>\n\t\t\t\t\t\t\t\t<\/div>\n\t\t\t\t<\/div>\n\t\t\t\t\t<\/div>\n\t\t\t\t<\/div>\n\t\t<div class=\"elementor-element elementor-element-e7bd9f3 e-flex e-con-boxed e-con e-parent\" data-id=\"e7bd9f3\" data-element_type=\"container\" data-e-type=\"container\">\n\t\t\t\t\t<div class=\"e-con-inner\">\n\t\t\t\t<div class=\"elementor-element elementor-element-0ab48b9 elementor-widget elementor-widget-image\" data-id=\"0ab48b9\" data-element_type=\"widget\" data-e-type=\"widget\" data-widget_type=\"image.default\">\n\t\t\t\t<div class=\"elementor-widget-container\">\n\t\t\t\t\t\t\t\t\t\t\t\t\t\t\t<img loading=\"lazy\" decoding=\"async\" width=\"800\" height=\"264\" src=\"https:\/\/ikostudio.it\/wp-content\/uploads\/2022\/05\/Vetrata-Artistica-con-Fenicotteri.webp\" class=\"attachment-large size-large wp-image-23460\" alt=\"Vitral con Flamencos\" \/>\t\t\t\t\t\t\t\t\t\t\t\t\t\t\t<\/div>\n\t\t\t\t<\/div>\n\t\t\t\t\t<\/div>\n\t\t\t\t<\/div>\n\t\t<div class=\"elementor-element elementor-element-35d65a6 e-flex e-con-boxed e-con e-parent\" data-id=\"35d65a6\" data-element_type=\"container\" data-e-type=\"container\">\n\t\t\t\t\t<div class=\"e-con-inner\">\n\t\t\t\t<div class=\"elementor-element elementor-element-ff10096 elementor-widget elementor-widget-text-editor\" data-id=\"ff10096\" data-element_type=\"widget\" data-e-type=\"widget\" data-widget_type=\"text-editor.default\">\n\t\t\t\t<div class=\"elementor-widget-container\">\n\t\t\t\t\t\t\t\t\t<h2>Arte que celebra el territorio<\/h2>\n<p>A continuaci\u00f3n ofrecemos una selecci\u00f3n de vitrales con p\u00e1jaros realizadas por IKO Studio para encargos privados. Algunos de estos est\u00e1n disponibles o en exposici\u00f3n en nuestro taller en Bolsena.<\/p>\n<p>Como solemos se\u00f1alar, nos encanta entrelazar nuestro arte con el territorio que nos rodea. Bolsena es una zona rica en biodiversidad, donde la naturaleza inspira continuamente nuestras creaciones. Las aves que pueblan esta tierra son a menudo las protagonistas de nuestras obras.<\/p>\n\t\t\t\t\t\t\t\t<\/div>\n\t\t\t\t<\/div>\n\t\t\t\t\t<\/div>\n\t\t\t\t<\/div>\n\t\t<div class=\"elementor-element elementor-element-057d0e9 e-flex e-con-boxed e-con e-parent\" data-id=\"057d0e9\" data-element_type=\"container\" data-e-type=\"container\">\n\t\t\t\t\t<div class=\"e-con-inner\">\n\t\t<div class=\"elementor-element elementor-element-8d1cee6 e-con-full e-flex e-con e-child\" data-id=\"8d1cee6\" data-element_type=\"container\" data-e-type=\"container\">\n\t\t\t\t<div class=\"elementor-element elementor-element-841ca9c elementor-widget elementor-widget-text-editor\" data-id=\"841ca9c\" data-element_type=\"widget\" data-e-type=\"widget\" data-widget_type=\"text-editor.default\">\n\t\t\t\t<div class=\"elementor-widget-container\">\n\t\t\t\t\t\t\t\t\t<h3>La vidriera con la abubilla<\/h3>\n<p>Una de las primeras obras inspiradas en nuestro territorio fue una vidriera que representa una abubilla. Se trata de un panel ovalado finamente pintado que inmortaliza esta elegante ave migratoria, com\u00fan en nuestros veranos. Para el borde, realizado con vidrio soplado, pint\u00e9 insectos en vuelo, el alimento favorito de la abubilla, y semillas de diente de le\u00f3n, para enfatizar la ligereza y gracia de su vuelo, que parece una danza en el aire.<\/p>\n\t\t\t\t\t\t\t\t<\/div>\n\t\t\t\t<\/div>\n\t\t\t\t<\/div>\n\t\t<div class=\"elementor-element elementor-element-fbc643f e-con-full e-flex e-con e-child\" data-id=\"fbc643f\" data-element_type=\"container\" data-e-type=\"container\">\n\t\t\t\t<div class=\"elementor-element elementor-element-1e547be elementor-widget elementor-widget-text-editor\" data-id=\"1e547be\" data-element_type=\"widget\" data-e-type=\"widget\" data-widget_type=\"text-editor.default\">\n\t\t\t\t<div class=\"elementor-widget-container\">\n\t\t\t\t\t\t\t\t\t<h3>El panel con el mart\u00edn pescador<\/h3>\n<p>En un estilo similar y con colores similares, creamos una vidriera con un mart\u00edn pescador, un ave que vive en el lago de Bolsena y que a menudo nos acompa\u00f1a durante nuestras excursiones en kayak. El borde de la vidriera est\u00e1 decorado con una serie de peces, que simbolizan su comida favorita.<\/p>\n\t\t\t\t\t\t\t\t<\/div>\n\t\t\t\t<\/div>\n\t\t\t\t<\/div>\n\t\t\t\t\t<\/div>\n\t\t\t\t<\/div>\n\t\t<div class=\"elementor-element elementor-element-5a58b40 e-con-full e-flex e-con e-parent\" data-id=\"5a58b40\" data-element_type=\"container\" data-e-type=\"container\">\n\t\t<div class=\"elementor-element elementor-element-9a99437 e-con-full e-flex e-con e-child\" data-id=\"9a99437\" data-element_type=\"container\" data-e-type=\"container\">\n\t\t\t\t<div class=\"elementor-element elementor-element-1303be8 elementor-widget elementor-widget-image\" data-id=\"1303be8\" data-element_type=\"widget\" data-e-type=\"widget\" data-widget_type=\"image.default\">\n\t\t\t\t<div class=\"elementor-widget-container\">\n\t\t\t\t\t\t\t\t\t\t\t\t\t\t\t\t<a href=\"https:\/\/ikostudio.it\/wp-content\/uploads\/2022\/05\/Vetrata-con-Uccelli-Upupa.webp\" data-elementor-open-lightbox=\"yes\" data-elementor-lightbox-title=\"Vitrales con P\u00e1jaros Abubilla\" data-e-action-hash=\"#elementor-action%3Aaction%3Dlightbox%26settings%3DeyJpZCI6MjM0NzAsInVybCI6Imh0dHBzOlwvXC9pa29zdHVkaW8uaXRcL3dwLWNvbnRlbnRcL3VwbG9hZHNcLzIwMjJcLzA1XC9WZXRyYXRhLWNvbi1VY2NlbGxpLVVwdXBhLndlYnAifQ%3D%3D\">\n\t\t\t\t\t\t\t<img loading=\"lazy\" decoding=\"async\" width=\"629\" height=\"750\" src=\"https:\/\/ikostudio.it\/wp-content\/uploads\/2022\/05\/Vetrata-con-Uccelli-Upupa.webp\" class=\"attachment-large size-large wp-image-23470\" alt=\"Vitrales con P\u00e1jaros Abubilla\" \/>\t\t\t\t\t\t\t\t<\/a>\n\t\t\t\t\t\t\t\t\t\t\t\t\t\t\t<\/div>\n\t\t\t\t<\/div>\n\t\t\t\t<\/div>\n\t\t<div class=\"elementor-element elementor-element-f289f21 e-con-full e-flex e-con e-child\" data-id=\"f289f21\" data-element_type=\"container\" data-e-type=\"container\">\n\t\t\t\t<div class=\"elementor-element elementor-element-c832202 elementor-widget elementor-widget-image\" data-id=\"c832202\" data-element_type=\"widget\" data-e-type=\"widget\" data-widget_type=\"image.default\">\n\t\t\t\t<div class=\"elementor-widget-container\">\n\t\t\t\t\t\t\t\t\t\t\t\t\t\t\t\t<a href=\"https:\/\/ikostudio.it\/wp-content\/uploads\/2022\/05\/Vetrate-con-Uccelli-Martin-Pescatore.webp\" data-elementor-open-lightbox=\"yes\" data-elementor-lightbox-title=\"Vitrales con P\u00e1jaros Mart\u00edn Pescador\" data-e-action-hash=\"#elementor-action%3Aaction%3Dlightbox%26settings%3DeyJpZCI6MjM0NzMsInVybCI6Imh0dHBzOlwvXC9pa29zdHVkaW8uaXRcL3dwLWNvbnRlbnRcL3VwbG9hZHNcLzIwMjJcLzA1XC9WZXRyYXRlLWNvbi1VY2NlbGxpLU1hcnRpbi1QZXNjYXRvcmUud2VicCJ9\">\n\t\t\t\t\t\t\t<img loading=\"lazy\" decoding=\"async\" width=\"800\" height=\"601\" src=\"https:\/\/ikostudio.it\/wp-content\/uploads\/2022\/05\/Vetrate-con-Uccelli-Martin-Pescatore.webp\" class=\"attachment-large size-large wp-image-23473\" alt=\"Vitrales con P\u00e1jaros Mart\u00edn Pescador\" \/>\t\t\t\t\t\t\t\t<\/a>\n\t\t\t\t\t\t\t\t\t\t\t\t\t\t\t<\/div>\n\t\t\t\t<\/div>\n\t\t\t\t<\/div>\n\t\t\t\t<\/div>\n\t\t<div class=\"elementor-element elementor-element-bd736bd e-flex e-con-boxed e-con e-parent\" data-id=\"bd736bd\" data-element_type=\"container\" data-e-type=\"container\">\n\t\t\t\t\t<div class=\"e-con-inner\">\n\t\t<div class=\"elementor-element elementor-element-5796507 e-con-full e-flex e-con e-child\" data-id=\"5796507\" data-element_type=\"container\" data-e-type=\"container\">\n\t\t\t\t<div class=\"elementor-element elementor-element-c6deb67 elementor-widget elementor-widget-text-editor\" data-id=\"c6deb67\" data-element_type=\"widget\" data-e-type=\"widget\" data-widget_type=\"text-editor.default\">\n\t\t\t\t<div class=\"elementor-widget-container\">\n\t\t\t\t\t\t\t\t\t<h3>Panel con B\u00faho<\/h3>\n<p>Este panel de b\u00faho es uno de los primeros vitrales con p\u00e1jaros que hice. Fue encargado por un querido amigo como regalo especial para su madre, una gran coleccionista de b\u00fahos. El panel fue pintado a mano con grisalla y esmaltes transparentes. El doble filo fue realizado con vidrio soplado, d\u00e1ndole mayor elegancia a la obra.<\/p>\n\t\t\t\t\t\t\t\t<\/div>\n\t\t\t\t<\/div>\n\t\t\t\t<\/div>\n\t\t<div class=\"elementor-element elementor-element-faf50d4 e-con-full e-flex e-con e-child\" data-id=\"faf50d4\" data-element_type=\"container\" data-e-type=\"container\">\n\t\t\t\t<div class=\"elementor-element elementor-element-65ca6f4 elementor-widget elementor-widget-image\" data-id=\"65ca6f4\" data-element_type=\"widget\" data-e-type=\"widget\" data-widget_type=\"image.default\">\n\t\t\t\t<div class=\"elementor-widget-container\">\n\t\t\t\t\t\t\t\t\t\t\t\t\t\t\t\t<a href=\"https:\/\/ikostudio.it\/wp-content\/uploads\/2019\/08\/Vetrata-Artistica-Gufo.jpg\" data-elementor-open-lightbox=\"yes\" data-elementor-lightbox-title=\"Vetrata-Artistica-Gufo\" data-e-action-hash=\"#elementor-action%3Aaction%3Dlightbox%26settings%3DeyJpZCI6Mjc2NCwidXJsIjoiaHR0cHM6XC9cL2lrb3N0dWRpby5pdFwvd3AtY29udGVudFwvdXBsb2Fkc1wvMjAxOVwvMDhcL1ZldHJhdGEtQXJ0aXN0aWNhLUd1Zm8uanBnIn0%3D\">\n\t\t\t\t\t\t\t<img loading=\"lazy\" decoding=\"async\" width=\"380\" height=\"597\" src=\"https:\/\/ikostudio.it\/wp-content\/uploads\/2019\/08\/Vetrata-Artistica-Gufo.jpg\" class=\"attachment-large size-large wp-image-2764\" alt=\"Vetrata Artistica Gufo\" srcset=\"https:\/\/ikostudio.it\/wp-content\/uploads\/2019\/08\/Vetrata-Artistica-Gufo.jpg 380w, https:\/\/ikostudio.it\/wp-content\/uploads\/2019\/08\/Vetrata-Artistica-Gufo-191x300.jpg 191w\" sizes=\"(max-width: 380px) 100vw, 380px\" \/>\t\t\t\t\t\t\t\t<\/a>\n\t\t\t\t\t\t\t\t\t\t\t\t\t\t\t<\/div>\n\t\t\t\t<\/div>\n\t\t\t\t<\/div>\n\t\t<div class=\"elementor-element elementor-element-26f1ca0 e-con-full e-flex e-con e-child\" data-id=\"26f1ca0\" data-element_type=\"container\" data-e-type=\"container\">\n\t\t\t\t<div class=\"elementor-element elementor-element-e6aafc1 elementor-widget elementor-widget-text-editor\" data-id=\"e6aafc1\" data-element_type=\"widget\" data-e-type=\"widget\" data-widget_type=\"text-editor.default\">\n\t\t\t\t<div class=\"elementor-widget-container\">\n\t\t\t\t\t\t\t\t\t<h3>El peque\u00f1o panel con el jilguero<\/h3>\n<p>Concluimos esta galer\u00eda de vitrales con p\u00e1jaros con esta peque\u00f1a vidriera con un jilguero que fue creada para ser colocada en un gancho para maceta, realizada artesanalmente en hierro forjado. El jilguero est\u00e1 pintado cuidadosamente utilizando grisalla y esmaltes transparentes. Esta pieza \u00fanica se vendi\u00f3 r\u00e1pidamente en nuestro taller de Bolsena.<\/p>\n\t\t\t\t\t\t\t\t<\/div>\n\t\t\t\t<\/div>\n\t\t\t\t<\/div>\n\t\t<div class=\"elementor-element elementor-element-82dcd1b e-con-full e-flex e-con e-child\" data-id=\"82dcd1b\" data-element_type=\"container\" data-e-type=\"container\">\n\t\t\t\t<div class=\"elementor-element elementor-element-d73ad7b elementor-widget__width-initial elementor-widget elementor-widget-image\" data-id=\"d73ad7b\" data-element_type=\"widget\" data-e-type=\"widget\" data-widget_type=\"image.default\">\n\t\t\t\t<div class=\"elementor-widget-container\">\n\t\t\t\t\t\t\t\t\t\t\t\t\t\t\t\t<a href=\"https:\/\/ikostudio.it\/wp-content\/uploads\/2022\/05\/Gancio-Per-Vaso-Vetrata-con-Cardellino.webp\" data-elementor-open-lightbox=\"yes\" data-elementor-lightbox-title=\"Gancho Para Maceteros Vital con Jilguero\" data-e-action-hash=\"#elementor-action%3Aaction%3Dlightbox%26settings%3DeyJpZCI6MjM0NjcsInVybCI6Imh0dHBzOlwvXC9pa29zdHVkaW8uaXRcL3dwLWNvbnRlbnRcL3VwbG9hZHNcLzIwMjJcLzA1XC9HYW5jaW8tUGVyLVZhc28tVmV0cmF0YS1jb24tQ2FyZGVsbGluby53ZWJwIn0%3D\">\n\t\t\t\t\t\t\t<img decoding=\"async\" src=\"https:\/\/ikostudio.it\/wp-content\/uploads\/elementor\/thumbs\/Gancio-Per-Vaso-Vetrata-con-Cardellino-rdte41dg6aslt5v4l7r2cxe6v8ovobl8mc0v57xrc0.webp\" title=\"Gancho Para Maceteros Vital con Jilguero\" alt=\"Gancho Para Maceteros Vital con Jilguero\" loading=\"lazy\" \/>\t\t\t\t\t\t\t\t<\/a>\n\t\t\t\t\t\t\t\t\t\t\t\t\t\t\t<\/div>\n\t\t\t\t<\/div>\n\t\t\t\t<\/div>\n\t\t\t\t\t<\/div>\n\t\t\t\t<\/div>\n\t\t<div class=\"elementor-element elementor-element-7caef0f e-flex e-con-boxed e-con e-parent\" data-id=\"7caef0f\" data-element_type=\"container\" data-e-type=\"container\">\n\t\t\t\t\t<div class=\"e-con-inner\">\n\t\t\t\t<div class=\"elementor-element elementor-element-baf463d elementor-widget elementor-widget-text-editor\" data-id=\"baf463d\" data-element_type=\"widget\" data-e-type=\"widget\" data-widget_type=\"text-editor.default\">\n\t\t\t\t<div class=\"elementor-widget-container\">\n\t\t\t\t\t\t\t\t\t<h2 class=\"western\">Lleva la Belleza de la Naturaleza a tu Hogar<\/h2>\n<p>Los vitrales inspirados en p\u00e1jaros no son solo obras decorativas, sino que est\u00e1n llenos de significados como la libertad, la sabidur\u00eda y la armon\u00eda con la naturaleza. Cada vitral con aves de IKO Studio es una creaci\u00f3n \u00fanica, fruto de la combinaci\u00f3n de pasi\u00f3n, maestr\u00eda artesanal e inspiraci\u00f3n tomada de la belleza de nuestra tierra.<\/p>\n<p>Si est\u00e1s buscando una pieza que transforme tu espacio, a\u00f1ada un toque de elegancia o refleje tu personalidad, un vitral art\u00edstico es la elecci\u00f3n ideal. Desde peque\u00f1os paneles decorativos hasta grandes composiciones personalizadas, trabajamos en estrecha colaboraci\u00f3n con nuestros clientes para crear obras duraderas y significativas.<\/p>\n<p>No dudes en contactarnos para m\u00e1s informaci\u00f3n o para solicitar un presupuesto personalizado. Vis\u00edtanos en nuestro taller en Bolsena o cont\u00e1ctanos en l\u00ednea para comenzar juntos tu pr\u00f3ximo proyecto.<\/p>\n<p><a href=\"https:\/\/ikostudio.it\/es\/contactos\/\">\u00a1Cont\u00e1ctanos para compartir tu idea!<\/a><\/p>\n\t\t\t\t\t\t\t\t<\/div>\n\t\t\t\t<\/div>\n\t\t\t\t\t<\/div>\n\t\t\t\t<\/div>\n\t\t\t\t<\/div>\n\t\t","protected":false},"excerpt":{"rendered":"<p>Vitrales con p\u00e1jaros: Creaciones Exclusivas y Refinadas En IKO Studio hemos creado una serie de vitrales art\u00edsticos con p\u00e1jaros, celebrando su belleza y encanto atemporal. Este fascinante tema nos ha inspirado a crear una p\u00e1gina especial en nuestro blog, donde mostramos algunas de las obras m\u00e1s significativas del estudio. Los P\u00e1jaros en el Arte Los [&hellip;]<\/p>\n","protected":false},"author":3,"featured_media":23460,"comment_status":"closed","ping_status":"closed","sticky":false,"template":"","format":"standard","meta":{"footnotes":""},"categories":[14],"tags":[2130,2131,2133,2132,2129],"class_list":["post-23511","post","type-post","status-publish","format-standard","has-post-thumbnail","hentry","category-blog-di-vetrate-artistiche","tag-abubilla","tag-buho","tag-flamencos","tag-martin-pescador","tag-pajaros"],"_links":{"self":[{"href":"https:\/\/ikostudio.it\/es\/wp-json\/wp\/v2\/posts\/23511","targetHints":{"allow":["GET"]}}],"collection":[{"href":"https:\/\/ikostudio.it\/es\/wp-json\/wp\/v2\/posts"}],"about":[{"href":"https:\/\/ikostudio.it\/es\/wp-json\/wp\/v2\/types\/post"}],"author":[{"embeddable":true,"href":"https:\/\/ikostudio.it\/es\/wp-json\/wp\/v2\/users\/3"}],"replies":[{"embeddable":true,"href":"https:\/\/ikostudio.it\/es\/wp-json\/wp\/v2\/comments?post=23511"}],"version-history":[{"count":0,"href":"https:\/\/ikostudio.it\/es\/wp-json\/wp\/v2\/posts\/23511\/revisions"}],"wp:featuredmedia":[{"embeddable":true,"href":"https:\/\/ikostudio.it\/es\/wp-json\/wp\/v2\/media\/23460"}],"wp:attachment":[{"href":"https:\/\/ikostudio.it\/es\/wp-json\/wp\/v2\/media?parent=23511"}],"wp:term":[{"taxonomy":"category","embeddable":true,"href":"https:\/\/ikostudio.it\/es\/wp-json\/wp\/v2\/categories?post=23511"},{"taxonomy":"post_tag","embeddable":true,"href":"https:\/\/ikostudio.it\/es\/wp-json\/wp\/v2\/tags?post=23511"}],"curies":[{"name":"wp","href":"https:\/\/api.w.org\/{rel}","templated":true}]}}