{"id":22105,"date":"2021-03-27T11:09:23","date_gmt":"2021-03-27T11:09:23","guid":{"rendered":"https:\/\/ikostudio.it\/puerta-corredera-geometrica\/"},"modified":"2025-01-15T15:21:01","modified_gmt":"2025-01-15T15:21:01","slug":"puerta-corredera-con-vidrio-geometrico","status":"publish","type":"post","link":"https:\/\/ikostudio.it\/es\/puerta-corredera-con-vidrio-geometrico\/","title":{"rendered":"Puerta Corredera con Vidrio Geom\u00e9trico"},"content":{"rendered":"\t\t<div data-elementor-type=\"wp-post\" data-elementor-id=\"22105\" class=\"elementor elementor-22105 elementor-21868\" data-elementor-post-type=\"post\">\n\t\t\t\t<div class=\"elementor-element elementor-element-94730d2 e-flex e-con-boxed e-con e-parent\" data-id=\"94730d2\" data-element_type=\"container\" data-e-type=\"container\">\n\t\t\t\t\t<div class=\"e-con-inner\">\n\t\t\t\t<div class=\"elementor-element elementor-element-99eaf71 elementor-widget elementor-widget-text-editor\" data-id=\"99eaf71\" data-element_type=\"widget\" data-e-type=\"widget\" data-widget_type=\"text-editor.default\">\n\t\t\t\t<div class=\"elementor-widget-container\">\n\t\t\t\t\t\t\t\t\t<h1>Puerta Corredera con Vidrio Geom\u00e9trico: Dise\u00f1o Minimalista y la Luz como Protagonista<\/h1>\n<p>Realizada para un cliente de Arezzo, esta <strong>puerta corredera con vidrio geom\u00e9trico<\/strong> oculto representa una combinaci\u00f3n perfecta entre funcionalidad y arte.<\/p>\n\t\t\t\t\t\t\t\t<\/div>\n\t\t\t\t<\/div>\n\t\t\t\t\t<\/div>\n\t\t\t\t<\/div>\n\t\t<div class=\"elementor-element elementor-element-ec94be3 e-flex e-con-boxed e-con e-parent\" data-id=\"ec94be3\" data-element_type=\"container\" data-e-type=\"container\">\n\t\t\t\t\t<div class=\"e-con-inner\">\n\t\t\t\t<div class=\"elementor-element elementor-element-c3d56bb elementor-widget elementor-widget-text-editor\" data-id=\"c3d56bb\" data-element_type=\"widget\" data-e-type=\"widget\" data-widget_type=\"text-editor.default\">\n\t\t\t\t<div class=\"elementor-widget-container\">\n\t\t\t\t\t\t\t\t\t<h2>La Idea Detr\u00e1s del Proyecto<\/h2>\n<p>Ivano y Carla, grandes amantes de Bolsena y su lago, nos conocieron durante una de sus visitas a nuestro taller. Su solicitud fue clara: un projecto para una puerta corredera con vidrio geom\u00e9trico que realzara su apartamento reci\u00e9n reformado en Arezzo.<br \/>\nAmantes del dise\u00f1o geom\u00e9trico y minimalista, Ivano y Carla eligieron un estilo dominado por el blanco, con suelos y revestimientos de m\u00e1rmol de formas regulares. Buscaban una puerta luminosa, hecha con vidrios blancos, negros o, preferiblemente, sin colores.<\/p>\n\t\t\t\t\t\t\t\t<\/div>\n\t\t\t\t<\/div>\n\t\t\t\t\t<\/div>\n\t\t\t\t<\/div>\n\t\t<div class=\"elementor-element elementor-element-38f0167 e-flex e-con-boxed e-con e-parent\" data-id=\"38f0167\" data-element_type=\"container\" data-e-type=\"container\">\n\t\t\t\t\t<div class=\"e-con-inner\">\n\t\t<div class=\"elementor-element elementor-element-510c99f e-con-full e-flex e-con e-child\" data-id=\"510c99f\" data-element_type=\"container\" data-e-type=\"container\">\n\t\t\t\t<div class=\"elementor-element elementor-element-36419e5 elementor-widget elementor-widget-image\" data-id=\"36419e5\" data-element_type=\"widget\" data-e-type=\"widget\" data-widget_type=\"image.default\">\n\t\t\t\t<div class=\"elementor-widget-container\">\n\t\t\t\t\t\t\t\t\t\t\t\t\t\t\t\t<a href=\"https:\/\/ikostudio.it\/wp-content\/uploads\/2020\/12\/Porta-Scorrevole-Geometrica.webp\" data-elementor-open-lightbox=\"yes\" data-elementor-lightbox-title=\"Puerta corredera geom\u00e9trica\" data-e-action-hash=\"#elementor-action%3Aaction%3Dlightbox%26settings%3DeyJpZCI6MjE4NzgsInVybCI6Imh0dHBzOlwvXC9pa29zdHVkaW8uaXRcL3dwLWNvbnRlbnRcL3VwbG9hZHNcLzIwMjBcLzEyXC9Qb3J0YS1TY29ycmV2b2xlLUdlb21ldHJpY2Eud2VicCJ9\">\n\t\t\t\t\t\t\t<img fetchpriority=\"high\" decoding=\"async\" width=\"591\" height=\"750\" src=\"https:\/\/ikostudio.it\/wp-content\/uploads\/2020\/12\/Porta-Scorrevole-Geometrica.webp\" class=\"attachment-large size-large wp-image-21878\" alt=\"Puerta Corredera con Vidrio Geom\u00e9trico\" \/>\t\t\t\t\t\t\t\t<\/a>\n\t\t\t\t\t\t\t\t\t\t\t\t\t\t\t<\/div>\n\t\t\t\t<\/div>\n\t\t\t\t<\/div>\n\t\t<div class=\"elementor-element elementor-element-8e47694 e-con-full e-flex e-con e-child\" data-id=\"8e47694\" data-element_type=\"container\" data-e-type=\"container\">\n\t\t\t\t<div class=\"elementor-element elementor-element-108a17c elementor-widget elementor-widget-text-editor\" data-id=\"108a17c\" data-element_type=\"widget\" data-e-type=\"widget\" data-widget_type=\"text-editor.default\">\n\t\t\t\t<div class=\"elementor-widget-container\">\n\t\t\t\t\t\t\t\t\t<h3>El Dise\u00f1o y los Materiales<\/h3>\n<p>A menudo se confunden los conceptos de vidrio transparente y vidrio incoloro. El vidrio transparente puede ser de color, ya que la transparencia se refiere a la visibilidad a trav\u00e9s del material, no a su color. Para esta puerta , seleccionamos exclusivamente vidrio incoloro con texturas diferentes, creadas como aut\u00e9nticas impresiones durante la producci\u00f3n. La idea era crear un patchwork geom\u00e9trico de piezas de vidrio brillante, que incluye:<\/p>\n<ul>\n<li><strong>Vidrio impreso de los a\u00f1os 70<\/strong>, hecho a partir de vidrio reciclado de los a\u00f1os 70, que aporta un encanto retro y moderno al mismo tiempo.<\/li>\n<li><strong>Rombos centrales<\/strong> realizados con <a href=\"https:\/\/lamberts.de\/home\" target=\"_blank\" rel=\"noopener\">vidrio soplado Lamberts<\/a>, caracterizado por innumerables burbujas atrapadas que crean un efecto \u00fanico.<\/li>\n<li><strong>Vidrio impreso <\/strong><a href=\"https:\/\/www.lamberts.info\/es\/productos\/vidrio-ornamental\" target=\"_blank\" rel=\"noopener\">vidrio ornamental Lamberts <\/a>con finas l\u00edneas paralelas.<\/li>\n<li><strong>Vidrio catedral<\/strong> con un efecto martillado, ideal para ofrecer privacidad sin sacrificar luminosidad.<\/li>\n<\/ul>\n\t\t\t\t\t\t\t\t<\/div>\n\t\t\t\t<\/div>\n\t\t\t\t<\/div>\n\t\t\t\t\t<\/div>\n\t\t\t\t<\/div>\n\t\t<div class=\"elementor-element elementor-element-18978e6 e-flex e-con-boxed e-con e-parent\" data-id=\"18978e6\" data-element_type=\"container\" data-e-type=\"container\">\n\t\t\t\t\t<div class=\"e-con-inner\">\n\t\t\t\t<div class=\"elementor-element elementor-element-69f3c54 elementor-widget elementor-widget-text-editor\" data-id=\"69f3c54\" data-element_type=\"widget\" data-e-type=\"widget\" data-widget_type=\"text-editor.default\">\n\t\t\t\t<div class=\"elementor-widget-container\">\n\t\t\t\t\t\t\t\t\t<p>El resultado es una puerta que deja pasar abundante luz, pero garantiza la privacidad adecuada, gracias a su efecto mate. Cada elemento contribuye a filtrar y transformar la luz de una manera distintiva, sin comprometer su pureza crom\u00e1tica. Las geometr\u00edas se reflejan en el dise\u00f1o de la vidriera y en la disposici\u00f3n de los vidrios, logrando un resultado refinado y armonioso.<\/p>\n\t\t\t\t\t\t\t\t<\/div>\n\t\t\t\t<\/div>\n\t\t\t\t\t<\/div>\n\t\t\t\t<\/div>\n\t\t<div class=\"elementor-element elementor-element-4a84e86 e-grid e-con-boxed e-con e-parent\" data-id=\"4a84e86\" data-element_type=\"container\" data-e-type=\"container\">\n\t\t\t\t\t<div class=\"e-con-inner\">\n\t\t\t\t<div class=\"elementor-element elementor-element-33495c8 elementor-widget elementor-widget-text-editor\" data-id=\"33495c8\" data-element_type=\"widget\" data-e-type=\"widget\" data-widget_type=\"text-editor.default\">\n\t\t\t\t<div class=\"elementor-widget-container\">\n\t\t\t\t\t\t\t\t\t<h3>Estructura y Detalles Artesanales<\/h3>\n<p>El marco fue realizado en madera lacada blanca por un carpintero de Arezzo, con un estilo moderno y minimalista, en perfecta sinton\u00eda con el apartamento. El marco fue dise\u00f1ado para ser lo suficientemente delgado para dar el mayor espacio posible al vidrio art\u00edstico.<br \/>\nPara garantizar la estabilidad y durabilidad a largo plazo, el panel fue reforzado con dos barras de hierro, moldeadas con precisi\u00f3n por nuestro herrero de confianza para seguir las l\u00edneas del plomo. Esta intervenci\u00f3n asegura la solidez del trabajo de vidrier\u00eda sin comprometer su est\u00e9tica.<\/p>\n<h3>Una Obra de Arte Funcional<\/h3>\n<p>Esta puerta corredera con vidrio geom\u00e9trico no es solo un elemento funcional para separar espacios, sino una verdadera pieza de dise\u00f1o art\u00edstico. Interact\u00faa con la luz y los ambientes, realz\u00e1ndolos en cada detalle.<\/p>\n\t\t\t\t\t\t\t\t<\/div>\n\t\t\t\t<\/div>\n\t\t\t\t<div class=\"elementor-element elementor-element-3986c2c elementor-widget elementor-widget-image\" data-id=\"3986c2c\" data-element_type=\"widget\" data-e-type=\"widget\" data-widget_type=\"image.default\">\n\t\t\t\t<div class=\"elementor-widget-container\">\n\t\t\t\t\t\t\t\t\t\t\t\t\t\t\t<img decoding=\"async\" width=\"800\" height=\"620\" src=\"https:\/\/ikostudio.it\/wp-content\/uploads\/2020\/12\/Porta-Geometrica-Barre-Vetrata-1024x793.jpg\" class=\"attachment-large size-large wp-image-21884\" alt=\"Puertas con vitrales art\u00edsticos geom\u00e9trica\" srcset=\"https:\/\/ikostudio.it\/wp-content\/uploads\/2020\/12\/Porta-Geometrica-Barre-Vetrata-1024x793.jpg 1024w, https:\/\/ikostudio.it\/wp-content\/uploads\/2020\/12\/Porta-Geometrica-Barre-Vetrata-300x232.jpg 300w, https:\/\/ikostudio.it\/wp-content\/uploads\/2020\/12\/Porta-Geometrica-Barre-Vetrata-768x595.jpg 768w, https:\/\/ikostudio.it\/wp-content\/uploads\/2020\/12\/Porta-Geometrica-Barre-Vetrata-1536x1189.jpg 1536w, https:\/\/ikostudio.it\/wp-content\/uploads\/2020\/12\/Porta-Geometrica-Barre-Vetrata-2048x1586.jpg 2048w\" sizes=\"(max-width: 800px) 100vw, 800px\" \/>\t\t\t\t\t\t\t\t\t\t\t\t\t\t\t<\/div>\n\t\t\t\t<\/div>\n\t\t\t\t\t<\/div>\n\t\t\t\t<\/div>\n\t\t<div class=\"elementor-element elementor-element-5070e17 e-flex e-con-boxed e-con e-parent\" data-id=\"5070e17\" data-element_type=\"container\" data-e-type=\"container\">\n\t\t\t\t\t<div class=\"e-con-inner\">\n\t\t<div class=\"elementor-element elementor-element-6138486 e-con-full e-flex e-con e-child\" data-id=\"6138486\" data-element_type=\"container\" data-e-type=\"container\">\n\t\t\t\t<div class=\"elementor-element elementor-element-98fa584 elementor-widget elementor-widget-image\" data-id=\"98fa584\" data-element_type=\"widget\" data-e-type=\"widget\" data-widget_type=\"image.default\">\n\t\t\t\t<div class=\"elementor-widget-container\">\n\t\t\t\t\t\t\t\t\t\t\t\t\t\t\t\t<a href=\"https:\/\/ikostudio.it\/wp-content\/uploads\/2020\/12\/Porta-Geometrica.webp\" data-elementor-open-lightbox=\"yes\" data-elementor-lightbox-title=\"Vitral con Dise\u00f1o Geom\u00e9trico\" data-e-action-hash=\"#elementor-action%3Aaction%3Dlightbox%26settings%3DeyJpZCI6MjE4ODEsInVybCI6Imh0dHBzOlwvXC9pa29zdHVkaW8uaXRcL3dwLWNvbnRlbnRcL3VwbG9hZHNcLzIwMjBcLzEyXC9Qb3J0YS1HZW9tZXRyaWNhLndlYnAifQ%3D%3D\">\n\t\t\t\t\t\t\t<img decoding=\"async\" width=\"563\" height=\"750\" src=\"https:\/\/ikostudio.it\/wp-content\/uploads\/2020\/12\/Porta-Geometrica.webp\" class=\"attachment-large size-large wp-image-21881\" alt=\"Puerta personalizada Arezzo\" \/>\t\t\t\t\t\t\t\t<\/a>\n\t\t\t\t\t\t\t\t\t\t\t\t\t\t\t<\/div>\n\t\t\t\t<\/div>\n\t\t\t\t<\/div>\n\t\t<div class=\"elementor-element elementor-element-249b814 e-con-full e-flex e-con e-child\" data-id=\"249b814\" data-element_type=\"container\" data-e-type=\"container\">\n\t\t\t\t<div class=\"elementor-element elementor-element-e90fc0e elementor-widget elementor-widget-text-editor\" data-id=\"e90fc0e\" data-element_type=\"widget\" data-e-type=\"widget\" data-widget_type=\"text-editor.default\">\n\t\t\t\t<div class=\"elementor-widget-container\">\n\t\t\t\t\t\t\t\t\t<h3>Crea Tu Propia Puerta Corredera con Vidrio Geom\u00e9trico<\/h3>\n<p>Si sue\u00f1as con una puerta \u00fanica, dise\u00f1ada exclusivamente para ti, que combine elegancia y funcionalidad, est\u00e1s en el lugar adecuado. En IKO Studio, transformamos tus ideas en realidad, creando dise\u00f1os a medida que reflejan tu estilo y realzan tus espacios.<br \/>\nCada creaci\u00f3n comienza con un estudio cuidadoso de los materiales y cobra vida gracias a nuestra artesan\u00eda, una tradici\u00f3n que nos distingue desde hace a\u00f1os.<\/p>\n<p>Nuestras puertas correderas con vidrio geom\u00e9trico no son solo elementos funcionales, sino verdaderas obras de arte que cuentan tu historia y enriquecen tu espacio.<br \/>\nDescubre m\u00e1s sobre nuestras puertas personalizadas visitando la <a href=\"https:\/\/ikostudio.it\/es\/puertas-con-vitrales-artisticos\/\" target=\"_blank\" rel=\"noopener\">p\u00e1gina dedicada<\/a>.<\/p>\n<p>\u00bfYa tienes una idea o quieres sugerencias? \u00a1Solicita un presupuesto sin compromiso! Estamos aqu\u00ed para guiarte en la creaci\u00f3n de tu puerta a medida. <a href=\"https:\/\/ikostudio.it\/es\/contactos\/\">Cont\u00e1ctanos hoy mismo<\/a>.<\/p>\n\t\t\t\t\t\t\t\t<\/div>\n\t\t\t\t<\/div>\n\t\t\t\t<\/div>\n\t\t\t\t\t<\/div>\n\t\t\t\t<\/div>\n\t\t\t\t<\/div>\n\t\t","protected":false},"excerpt":{"rendered":"<p>Puerta Corredera con Vidrio Geom\u00e9trico: Dise\u00f1o Minimalista y la Luz como Protagonista Realizada para un cliente de Arezzo, esta puerta corredera con vidrio geom\u00e9trico oculto representa una combinaci\u00f3n perfecta entre funcionalidad y arte. La Idea Detr\u00e1s del Proyecto Ivano y Carla, grandes amantes de Bolsena y su lago, nos conocieron durante una de sus visitas [&hellip;]<\/p>\n","protected":false},"author":3,"featured_media":21871,"comment_status":"closed","ping_status":"closed","sticky":false,"template":"","format":"standard","meta":{"footnotes":""},"categories":[3,1226,1837],"tags":[1965,1964,1963,1966,1967],"class_list":["post-22105","post","type-post","status-publish","format-standard","has-post-thumbnail","hentry","category-sin-categorizar","category-blog-di-vetrate-artistiche","category-modernas","tag-decoracion-del-hogar","tag-estilo-geometrico","tag-puerta-artesanal-es","tag-puerta-con-vitral","tag-vitral-moderno-para-puertas"],"_links":{"self":[{"href":"https:\/\/ikostudio.it\/es\/wp-json\/wp\/v2\/posts\/22105","targetHints":{"allow":["GET"]}}],"collection":[{"href":"https:\/\/ikostudio.it\/es\/wp-json\/wp\/v2\/posts"}],"about":[{"href":"https:\/\/ikostudio.it\/es\/wp-json\/wp\/v2\/types\/post"}],"author":[{"embeddable":true,"href":"https:\/\/ikostudio.it\/es\/wp-json\/wp\/v2\/users\/3"}],"replies":[{"embeddable":true,"href":"https:\/\/ikostudio.it\/es\/wp-json\/wp\/v2\/comments?post=22105"}],"version-history":[{"count":0,"href":"https:\/\/ikostudio.it\/es\/wp-json\/wp\/v2\/posts\/22105\/revisions"}],"wp:featuredmedia":[{"embeddable":true,"href":"https:\/\/ikostudio.it\/es\/wp-json\/wp\/v2\/media\/21871"}],"wp:attachment":[{"href":"https:\/\/ikostudio.it\/es\/wp-json\/wp\/v2\/media?parent=22105"}],"wp:term":[{"taxonomy":"category","embeddable":true,"href":"https:\/\/ikostudio.it\/es\/wp-json\/wp\/v2\/categories?post=22105"},{"taxonomy":"post_tag","embeddable":true,"href":"https:\/\/ikostudio.it\/es\/wp-json\/wp\/v2\/tags?post=22105"}],"curies":[{"name":"wp","href":"https:\/\/api.w.org\/{rel}","templated":true}]}}