{"id":17339,"date":"2019-04-18T00:00:00","date_gmt":"2019-04-18T00:00:00","guid":{"rendered":"http:\/\/ikostudio.it\/curso-de-vitral-artistico-de-claudia\/"},"modified":"2024-06-08T11:27:03","modified_gmt":"2024-06-08T11:27:03","slug":"curso-de-vitral-artistico-de-claudia","status":"publish","type":"post","link":"https:\/\/ikostudio.it\/es\/curso-de-vitral-artistico-de-claudia\/","title":{"rendered":"Curso de vitral art\u00edstico de Claudia"},"content":{"rendered":"<p>[vc_row][vc_column][vc_column_text]<\/p>\n<h1>Curso de vitral art\u00edstico de Claudia<\/h1>\n<p>Claudia se uni\u00f3 a nosotros desde Chile para un curso intensivo de viaitral art\u00edstico en plomo con pintura en grisalla y esmaltes.<br \/>\nAqu\u00ed est\u00e1 el panel que cre\u00f3 durante esta semana.[\/vc_column_text][\/vc_column][\/vc_row][vc_row][vc_column][vc_video link=\u00bbhttps:\/\/www.youtube.com\/watch?v=nyAdPhPuse4&#8243;][\/vc_column][\/vc_row][vc_row][vc_column][vc_column_text]Para m\u00e1s informaci\u00f3n, visite nuestra p\u00e1gina de <a href=\"\/?page_id=6683\" target=\"_blank\" rel=\"noopener noreferrer\">cursos de vitral art\u00edstico<\/a>[\/vc_column_text][\/vc_column][\/vc_row]<\/p>\n","protected":false},"excerpt":{"rendered":"<p>[vc_row][vc_column][vc_column_text] Curso de vitral art\u00edstico de Claudia Claudia se uni\u00f3 a nosotros desde Chile para un curso intensivo de viaitral art\u00edstico en plomo con pintura en grisalla y esmaltes. Aqu\u00ed est\u00e1 el panel que cre\u00f3 durante esta semana.[\/vc_column_text][\/vc_column][\/vc_row][vc_row][vc_column][vc_video link=\u00bbhttps:\/\/www.youtube.com\/watch?v=nyAdPhPuse4&#8243;][\/vc_column][\/vc_row][vc_row][vc_column][vc_column_text]Para m\u00e1s informaci\u00f3n, visite nuestra p\u00e1gina de cursos de vitral art\u00edstico[\/vc_column_text][\/vc_column][\/vc_row]<\/p>\n","protected":false},"author":3,"featured_media":2536,"comment_status":"open","ping_status":"closed","sticky":false,"template":"","format":"standard","meta":{"footnotes":""},"categories":[14],"tags":[],"class_list":["post-17339","post","type-post","status-publish","format-standard","has-post-thumbnail","hentry","category-blog-di-vetrate-artistiche"],"_links":{"self":[{"href":"https:\/\/ikostudio.it\/es\/wp-json\/wp\/v2\/posts\/17339","targetHints":{"allow":["GET"]}}],"collection":[{"href":"https:\/\/ikostudio.it\/es\/wp-json\/wp\/v2\/posts"}],"about":[{"href":"https:\/\/ikostudio.it\/es\/wp-json\/wp\/v2\/types\/post"}],"author":[{"embeddable":true,"href":"https:\/\/ikostudio.it\/es\/wp-json\/wp\/v2\/users\/3"}],"replies":[{"embeddable":true,"href":"https:\/\/ikostudio.it\/es\/wp-json\/wp\/v2\/comments?post=17339"}],"version-history":[{"count":0,"href":"https:\/\/ikostudio.it\/es\/wp-json\/wp\/v2\/posts\/17339\/revisions"}],"wp:featuredmedia":[{"embeddable":true,"href":"https:\/\/ikostudio.it\/es\/wp-json\/wp\/v2\/media\/2536"}],"wp:attachment":[{"href":"https:\/\/ikostudio.it\/es\/wp-json\/wp\/v2\/media?parent=17339"}],"wp:term":[{"taxonomy":"category","embeddable":true,"href":"https:\/\/ikostudio.it\/es\/wp-json\/wp\/v2\/categories?post=17339"},{"taxonomy":"post_tag","embeddable":true,"href":"https:\/\/ikostudio.it\/es\/wp-json\/wp\/v2\/tags?post=17339"}],"curies":[{"name":"wp","href":"https:\/\/api.w.org\/{rel}","templated":true}]}}