{"id":17333,"date":"2014-04-08T00:00:00","date_gmt":"2014-04-08T00:00:00","guid":{"rendered":"http:\/\/ikostudio.it\/curso-de-vitral-artistico-en-uruguay\/"},"modified":"2020-01-03T14:18:52","modified_gmt":"2020-01-03T14:18:52","slug":"curso-de-vitral-artistico-en-uruguay","status":"publish","type":"post","link":"https:\/\/ikostudio.it\/es\/curso-de-vitral-artistico-en-uruguay\/","title":{"rendered":"Curso de vitral artistico en Uruguay"},"content":{"rendered":"\t\t<div data-elementor-type=\"wp-post\" data-elementor-id=\"17333\" class=\"elementor elementor-17333 elementor-17230\" data-elementor-post-type=\"post\">\n\t\t\t\t\t\t<section class=\"elementor-section elementor-top-section elementor-element elementor-element-2c5c580b elementor-section-boxed elementor-section-height-default elementor-section-height-default\" data-id=\"2c5c580b\" data-element_type=\"section\" data-e-type=\"section\">\n\t\t\t\t\t\t<div class=\"elementor-container elementor-column-gap-default\">\n\t\t\t\t\t<div class=\"elementor-column elementor-col-100 elementor-top-column elementor-element elementor-element-159a02d3\" data-id=\"159a02d3\" data-element_type=\"column\" data-e-type=\"column\">\n\t\t\t<div class=\"elementor-widget-wrap elementor-element-populated\">\n\t\t\t\t\t\t<div class=\"elementor-element elementor-element-6ddb29f9 elementor-widget elementor-widget-text-editor\" data-id=\"6ddb29f9\" data-element_type=\"widget\" data-e-type=\"widget\" data-widget_type=\"text-editor.default\">\n\t\t\t\t<div class=\"elementor-widget-container\">\n\t\t\t\t\t\t\t\t\t<h1>Curso de vitral artistico en Uruguay<\/h1>\n<p>La fant\u00e1stica experiencia de dictar curso de vitral artistico en Uruguay, ha finalizado apenas a fines del mes pasado.<\/p>\n<p>El curso de vitral artistico en Uruguay consisti\u00f3 principalmente en ense\u00f1ar las t\u00e9cnicas b\u00e1sicas de la pintura sobre vidrio en grisalla, y del armado del vitral en plomo. As\u00ed los estudiantes pudieron pintar con esta t\u00e9cnica diversos motivos en vidrio, los que fueron posteriormente incluidos en un peque\u00f1o panel, tambi\u00e9n de vidrio, que rodeaba la obra por ellos producida, formando un colorido borde, aplicando de esta forma, la t\u00e9cnica del armado del vitral en plomo.<\/p>\n<p>En el studio taller de Vitrofusi\u00f3n del Maestro Radam\u00e9s Theoduloz, en Montevideo, Uruguay, he ense\u00f1ado en dos semanas intensivas de curso, a veinte estudiantes.<\/p>\n<p>El maestro Radam\u00e9s Theoduloz organizo dichos cursos eficientemente, procurando el material necesario para el desarrollo de los cursos, siendo adem\u00e1s un excelente anfitri\u00f3n y amigo con el que compartimos, en su grata compa\u00f1\u00eda, y al terminar cada d\u00eda de clase, paseos, espect\u00e1culos t\u00edpicos, cerveza y fain\u00e1.<\/p>\n<p>La edad y las motivaciones de los estudiantes fue muy diversa, los estudiantes de m\u00e1s avanzada edad, vivieron este curso de vitral artistico en Uruguay como una oportunidad para el desarrollo de su apasionado hobby, mientras que, para los estudiantes m\u00e1s j\u00f3venes y para los estudiantes de la escuela de <a href=\"http:\/\/www.enba.edu.uy\/\" target=\"_blank\" rel=\"noopener\">Bellas Artes<\/a>, el curso fue una prueba para un trabajo a futuro.<\/p>\n<p>Este curso de vitral en Uruguay fue para m\u00ed, no solo una bella experiencia desde el punto de vista profesional, sino tambi\u00e9n y fundamentalmente, desde la perspectiva humana, habi\u00e9ndose creado en tan poco tiempo con mis estudiantes, una buena amistad. Se trabajaba en un ambiente siempre alegre y distendido, al punto que los estudiantes que he conocido me extra\u00f1aran mucho, como yo a todos ellos, y verdaderamente espero repetir el pr\u00f3ximo a\u00f1o esta bell\u00edsima experiencia.<\/p>\n<div id='gallery-1' class='gallery galleryid-17333 gallery-columns-3 gallery-size-thumbnail'><figure class='gallery-item'>\n\t\t\t<div class='gallery-icon landscape'>\n\t\t\t\t<a href=\"https:\/\/ikostudio.it\/wp-content\/uploads\/2019\/08\/Vetrata-Artistica-Passero.webp\"><img decoding=\"async\" width=\"150\" height=\"150\" src=\"https:\/\/ikostudio.it\/wp-content\/uploads\/2019\/08\/Vetrata-Artistica-Passero-150x150.jpg\" class=\"attachment-thumbnail size-thumbnail\" alt=\"Vitral con Gorri\u00f3n\" \/><\/a>\n\t\t\t<\/div><\/figure><figure class='gallery-item'>\n\t\t\t<div class='gallery-icon landscape'>\n\t\t\t\t<a href=\"https:\/\/ikostudio.it\/wp-content\/uploads\/2019\/08\/Vetrata-Artistica-Foglie1.webp\"><img decoding=\"async\" width=\"150\" height=\"150\" src=\"https:\/\/ikostudio.it\/wp-content\/uploads\/2019\/08\/Vetrata-Artistica-Foglie1-150x150.jpg\" class=\"attachment-thumbnail size-thumbnail\" alt=\"Vitral con Hojas\" \/><\/a>\n\t\t\t<\/div><\/figure><figure class='gallery-item'>\n\t\t\t<div class='gallery-icon landscape'>\n\t\t\t\t<a href=\"https:\/\/ikostudio.it\/wp-content\/uploads\/2019\/08\/Vetrata-Artistica-Fiori.webp\"><img decoding=\"async\" width=\"150\" height=\"150\" src=\"https:\/\/ikostudio.it\/wp-content\/uploads\/2019\/08\/Vetrata-Artistica-Fiori-150x150.jpg\" class=\"attachment-thumbnail size-thumbnail\" alt=\"Vitral Pintado con Flores\" \/><\/a>\n\t\t\t<\/div><\/figure><figure class='gallery-item'>\n\t\t\t<div class='gallery-icon landscape'>\n\t\t\t\t<a href=\"https:\/\/ikostudio.it\/wp-content\/uploads\/2019\/08\/Vetrata-Artistica-Drago.webp\"><img loading=\"lazy\" decoding=\"async\" width=\"150\" height=\"150\" src=\"https:\/\/ikostudio.it\/wp-content\/uploads\/2019\/08\/Vetrata-Artistica-Drago-150x150.jpg\" class=\"attachment-thumbnail size-thumbnail\" alt=\"Stained Glass Course Dragon Ururuay\" \/><\/a>\n\t\t\t<\/div><\/figure><figure class='gallery-item'>\n\t\t\t<div class='gallery-icon portrait'>\n\t\t\t\t<a href=\"https:\/\/ikostudio.it\/wp-content\/uploads\/2019\/08\/Untitled1.webp\"><img loading=\"lazy\" decoding=\"async\" width=\"150\" height=\"150\" src=\"https:\/\/ikostudio.it\/wp-content\/uploads\/2019\/08\/Untitled1-150x150.jpg\" class=\"attachment-thumbnail size-thumbnail\" alt=\"Vitral con Mariposas Amarillas\" srcset=\"https:\/\/ikostudio.it\/wp-content\/uploads\/2019\/08\/Untitled1-150x150.jpg 150w, https:\/\/ikostudio.it\/wp-content\/uploads\/2019\/08\/Untitled1-298x300.jpg 298w, https:\/\/ikostudio.it\/wp-content\/uploads\/2019\/08\/Untitled1-768x773.jpg 768w, https:\/\/ikostudio.it\/wp-content\/uploads\/2019\/08\/Untitled1.jpg 960w\" sizes=\"(max-width: 150px) 100vw, 150px\" \/><\/a>\n\t\t\t<\/div><\/figure><figure class='gallery-item'>\n\t\t\t<div class='gallery-icon landscape'>\n\t\t\t\t<a href=\"https:\/\/ikostudio.it\/wp-content\/uploads\/2019\/08\/Lola.webp\"><img loading=\"lazy\" decoding=\"async\" width=\"150\" height=\"150\" src=\"https:\/\/ikostudio.it\/wp-content\/uploads\/2019\/08\/Lola-150x150.jpg\" class=\"attachment-thumbnail size-thumbnail\" alt=\"vitral en plomo con retrato de gato\" \/><\/a>\n\t\t\t<\/div><\/figure>\n\t\t<\/div>\n\n<p><span style=\"line-height: 1.5em;\">Per tutto ci\u00f2 ringrazio tantissimo la mia prima studentessa che dall&#8217;Uruguay si rec\u00f2 per un corso qui a Orvieto Laura Gonzalez che si occup\u00f2 insieme al professor Radamez dell&#8217;organizzazione del corso.<\/span><\/p>\n<p>E&#8217; tutt&#8217;ora viva in Uruguay la cultura del gaucho il pastore a cavallo che porta le mandrie per i c<\/p>\n<p>Por todo esto agradezco much\u00edsimo a mi primer estudiante del Uruguay, Laura Gonzalez, que llego hasta aqu\u00ed, a Orvieto, para tomar su curso, y que se encarg\u00f3, junto con el Maestro Radames Theoduloz en la organizaci\u00f3n del curso.<\/p>\n<p>Esta todav\u00eda viva en Uruguay, la cultura del gaucho, pastor a caballo que lleva por el campo la tropilla, y en la tarde, de frente a la hoguera compone la canci\u00f3n para su amada, como la poes\u00eda que algunos de mis queridos estudiantes han compuesto para su profesor de vitral.<\/p>\n<p>Esta poes\u00eda verdaderamente, me ha emocionado much\u00edsimo, por todo esto les digo a todos y a cada uno de ellos GRACIAS DE CORAZON !!!<\/p>\n<p>PARA EL PROF. DIEGO TOLOMELLI<\/p>\n<p>Lleg\u00f3 a su fin la semana, de la inspiradora aventura. Entusiasmo y expectativa, mucho inter\u00e9s le pusieron los alumnos del Taller con el Profe Radames como gu\u00eda,<\/p>\n<p>haciendo grata la espera, de su profesor admirado, Diego Tolomelli ha llegado para presentarnos su legado.<\/p>\n<p>Energ\u00eda y creatividad invadieron nuestro Taller, y cada uno con su estilo, haciendo gala en su pieza, compartimos gratos momentos de ense\u00f1anza y alegr\u00eda.<\/p>\n<p>Laura fue la anfitriona, que entre espa\u00f1ol e italiano, supo darnos su atenci\u00f3n, en este evento lucido.<\/p>\n<p>Muchas almitas volaron, creando luz e ilusiones, pasamos una semana, compartiendo y abriendo nuestros corazones.<\/p>\n<p>Vidrios, grisallas y colores hicieron que nos uni\u00e9ramos en una pasi\u00f3n colectiva, sin escatimar los amores.<\/p>\n<p>Diego te agradecemos, y claro que muy en grande, la oportunidad de conocerte y dejarnos tu obra de arte, ventana al alma y al cielo, que siempre recordaremos.<\/p>\n<p>Tu insististe con el \u201cPuente\u201d y claro que lo utilizaremos no tengas dudas \u201camichi\u201d, perdurar\u00e1 para siempre.<\/p>\n<p>Querido Diego Tolomelli, que el puente que se ha generado, sea portador de nuestro respeto y cari\u00f1o, as\u00ed como t\u00fa lo has cruzado, con afecto y sin conocernos.<\/p>\n<p>Si est\u00e1 interesado en aprender esta t\u00e9cnica, le recomendamos que visite nuestra p\u00e1gina de <a href=\"https:\/\/ikostudio.it\/es\/cursos-de-vitral-artistico\/\" target=\"_blank\" rel=\"noopener\">cursos de vitrales art\u00edsticos<\/a><\/p>\n\t\t\t\t\t\t\t\t<\/div>\n\t\t\t\t<\/div>\n\t\t\t\t\t<\/div>\n\t\t<\/div>\n\t\t\t\t\t<\/div>\n\t\t<\/section>\n\t\t\t\t<\/div>\n\t\t","protected":false},"excerpt":{"rendered":"<p>Historia de un curso de vidrio con plomo de dos semanas organizado en Montevideo, Uruguay<\/p>\n","protected":false},"author":3,"featured_media":1830,"comment_status":"open","ping_status":"closed","sticky":false,"template":"","format":"standard","meta":{"footnotes":""},"categories":[14],"tags":[68],"class_list":["post-17333","post","type-post","status-publish","format-standard","has-post-thumbnail","hentry","category-blog-di-vetrate-artistiche","tag-corsi-relazione"],"_links":{"self":[{"href":"https:\/\/ikostudio.it\/es\/wp-json\/wp\/v2\/posts\/17333","targetHints":{"allow":["GET"]}}],"collection":[{"href":"https:\/\/ikostudio.it\/es\/wp-json\/wp\/v2\/posts"}],"about":[{"href":"https:\/\/ikostudio.it\/es\/wp-json\/wp\/v2\/types\/post"}],"author":[{"embeddable":true,"href":"https:\/\/ikostudio.it\/es\/wp-json\/wp\/v2\/users\/3"}],"replies":[{"embeddable":true,"href":"https:\/\/ikostudio.it\/es\/wp-json\/wp\/v2\/comments?post=17333"}],"version-history":[{"count":0,"href":"https:\/\/ikostudio.it\/es\/wp-json\/wp\/v2\/posts\/17333\/revisions"}],"wp:featuredmedia":[{"embeddable":true,"href":"https:\/\/ikostudio.it\/es\/wp-json\/wp\/v2\/media\/1830"}],"wp:attachment":[{"href":"https:\/\/ikostudio.it\/es\/wp-json\/wp\/v2\/media?parent=17333"}],"wp:term":[{"taxonomy":"category","embeddable":true,"href":"https:\/\/ikostudio.it\/es\/wp-json\/wp\/v2\/categories?post=17333"},{"taxonomy":"post_tag","embeddable":true,"href":"https:\/\/ikostudio.it\/es\/wp-json\/wp\/v2\/tags?post=17333"}],"curies":[{"name":"wp","href":"https:\/\/api.w.org\/{rel}","templated":true}]}}